{"id":13567,"date":"2014-08-22T03:19:21","date_gmt":"2014-08-22T03:19:21","guid":{"rendered":"http:\/\/entecultura.com.ar\/usina1\/?p=13567"},"modified":"2014-08-22T03:19:21","modified_gmt":"2014-08-22T03:19:21","slug":"encuentro-de-la-usina-cultural-i-en-san-genaro","status":"publish","type":"post","link":"http:\/\/enteculturalsantafesino.com.ar\/usina1\/2014\/08\/encuentro-de-la-usina-cultural-i-en-san-genaro\/","title":{"rendered":"Encuentro de la Usina Cultural I en San Genaro"},"content":{"rendered":"<p>En\u00a0la ma\u00f1ana del\u00a0<strong>jueves 21<\/strong>\u00a0en<a href=\"http:\/\/enteculturalsantafesino.com.ar\/usina1\/wp-content\/uploads\/2014\/08\/10610481_772699196106727_2974290656650146253_n.jpg\" rel=\"lightbox[13567]\"><img loading=\"lazy\" decoding=\"async\" class=\"alignright size-medium wp-image-13571\" src=\"http:\/\/enteculturalsantafesino.com.ar\/usina1\/wp-content\/uploads\/2014\/08\/10610481_772699196106727_2974290656650146253_n-300x224.jpg\" alt=\"10610481_772699196106727_2974290656650146253_n\" width=\"300\" height=\"224\" srcset=\"http:\/\/enteculturalsantafesino.com.ar\/usina1\/wp-content\/uploads\/2014\/08\/10610481_772699196106727_2974290656650146253_n-300x224.jpg 300w, http:\/\/enteculturalsantafesino.com.ar\/usina1\/wp-content\/uploads\/2014\/08\/10610481_772699196106727_2974290656650146253_n.jpg 526w\" sizes=\"(max-width: 300px) 100vw, 300px\" \/><\/a><\/p>\n<p class=\"ecxMsoNormal\" style=\"color: #444444;\">las instalaciones de <strong>Casa de la Cultura de San Genaro<\/strong><\/p>\n<p class=\"ecxMsoNormal\" style=\"color: #444444;\">se<strong style=\"font-weight: bold; font-style: inherit;\">\u00a0<\/strong>llev\u00f3 a cabo una nueva reuni\u00f3n de la\u00a0<strong style=\"font-weight: bold; font-style: inherit;\">Usina Cultural I.<\/strong><\/p>\n<p class=\"ecxMsoNormal\" style=\"color: #444444;\"><span style=\"font-weight: inherit; font-style: inherit; color: #444444;\">Del encuentro participaron:\u00a0<em>La Secretaria de Gobierno Lic. Viviana Capeletti, el Secretario de Cultura de San Genaro Juan Carlos B\u00e1ez, el Sr. Jorge Mu\u00f1oz,<\/em><\/span><\/p>\n<p class=\"ecxMsoNormal\" style=\"color: #444444;\"><span style=\"font-weight: inherit; font-style: inherit; color: #444444;\"><em> el Secretario de Cultura de Maria Susana Leonardo Carroza, la Secretaria de <\/em><\/span><\/p>\n<p class=\"ecxMsoNormal\" style=\"color: #444444;\"><span style=\"font-weight: inherit; font-style: inherit; color: #444444;\"><em>Cultura de Bouquet Prof. Flavia Curone, el Director de Cultura de San Jorge <\/em><\/span><\/p>\n<p class=\"ecxMsoNormal\" style=\"color: #444444;\"><span style=\"font-weight: inherit; font-style: inherit; color: #444444;\"><em>Lic. Martin Fraire, el Sr Pablo Sullivan- Representante\u00a0Cultural de Ca\u00f1ada de G\u00f3mez, la responsable del Depto. de Literatura del Ente Cultural Prof. Catalina Serdarevich\u00a0<\/em><\/span><em><span style=\"color: #444444;\">y el Prof. Fernando Banegas-\u00a0Coordinador\u00a0del Ente Cultural Santafesino.<\/span><\/em><\/p>\n<p class=\"ecxMsoNormal\" style=\"color: #444444;\">La <strong>Secretaria de Gobierno Lic. Viviana Capeletti<\/strong> di\u00f3 la bienvenida y manifest\u00f3 su satisfacci\u00f3n de que San Genaro forme parte de <a href=\"http:\/\/enteculturalsantafesino.com.ar\/usina1\/wp-content\/uploads\/2014\/08\/10485847_772698696106777_2716084820817976119_n.jpg\" rel=\"lightbox[13567]\"><img loading=\"lazy\" decoding=\"async\" class=\"alignright size-medium wp-image-13570\" src=\"http:\/\/enteculturalsantafesino.com.ar\/usina1\/wp-content\/uploads\/2014\/08\/10485847_772698696106777_2716084820817976119_n-300x225.jpg\" alt=\"10485847_772698696106777_2716084820817976119_n\" width=\"300\" height=\"225\" srcset=\"http:\/\/enteculturalsantafesino.com.ar\/usina1\/wp-content\/uploads\/2014\/08\/10485847_772698696106777_2716084820817976119_n-300x225.jpg 300w, http:\/\/enteculturalsantafesino.com.ar\/usina1\/wp-content\/uploads\/2014\/08\/10485847_772698696106777_2716084820817976119_n.jpg 640w\" sizes=\"(max-width: 300px) 100vw, 300px\" \/><\/a>este espacio cultural <em>\u00abpara nosotros es un gusto ser parte del Ente Cultural Santafesino, seguiremos trabajando hacia\u00a0mayores pol\u00edticas culturales de integraci\u00f3n e inclusi\u00f3n cultural\u00bb<\/em><\/p>\n<p class=\"ecxMsoNormal\" style=\"color: #444444;\">En el encuentro se inform\u00f3 sobre la presentaci\u00f3n y cierre de las producciones pertenecientes al Plan de Trabajo 2014, entre las que se encuentran:\u00a0<em style=\"font-weight: inherit; font-style: italic;\">\u201cDe Pueblo en Pueblo\u201d, \u201cClave de Cuento\u201d \u00a0\u201cBr\u00fajula Cultural\u201d, Cant\u00e1 Conmigo, \u00abCooltura\u00bb \u00bb El Teatro y la Historia\u00bb y \u00abHacelo Corto\u00bb;\u00a0<\/em>cuyas bases se encuentran en la p\u00e1gina oficial\u00a0<a style=\"font-weight: inherit; font-style: inherit; color: #0068cf;\" href=\"http:\/\/www.enteculturalsantafesino.com.ar\/\" target=\"_blank\">www.enteculturalsantafesino.com.ar<\/a>; adem\u00e1s se hizo entrega del material fotogr\u00e1fico perteneciente al Proyecto Itinerante\u00a0<em style=\"font-weight: inherit; font-style: italic;\">\u201cIm\u00e1genes de mi Pueblo\u201d.<\/em><\/p>\n<p class=\"ecxMsoNormal\" style=\"color: #444444;\">La muestra \u201c<strong style=\"font-weight: bold; font-style: inherit;\">Forma y Color\u201d<\/strong>\u00a0har\u00e1 su apertura en la localidad de Ca\u00f1ada de G\u00f3mez, el <strong>s<\/strong><strong style=\"font-weight: bold;\">\u00e1bado 13 d septiembre<\/strong>, con las obras de artistas pl\u00e1sticos de la regi\u00f3n, ensamblando obras de pintura en todas sus facetas, fotograf\u00edas, caricaturas y collage, contando con una capacitaci\u00f3n gratuita a cargo de\u00a0<strong style=\"font-weight: bold; font-style: inherit;\">Sergio Massera<\/strong>\u00a0.<\/p>\n<p class=\"ecxMsoNormal\" style=\"color: #444444;\">Adem\u00e1s se cerraron todos los detalles y actividades para la sede del\u00a0<strong style=\"font-weight: bold; font-style: inherit;\">III Cabildo Cultural Santafesino<\/strong>\u00a0que tendr\u00e1 a la comunidad de <strong>Mar\u00eda Susana<\/strong>\u00a0como lugar elegido dentro de la programaci\u00f3n oficial, representando a la Usina Cultural I.<\/p>\n<p class=\"ecxMsoNormal\" style=\"color: #444444;\">Las comunidades que integran a la\u00a0<strong style=\"font-weight: bold; font-style: inherit;\">Usina Cultural I<\/strong>\u00a0son:\u00a0<em><span style=\"color: #d30000;\">Ca\u00f1ada de G\u00f3mez,\u00a0<\/span><span style=\"color: #d30000;\">Bouquet,\u00a0<\/span><span style=\"color: #d30000;\">Montes de Oca,\u00a0<\/span><span style=\"color: #d30000;\">Tortugas,\u00a0<\/span><span style=\"color: #d30000;\">Los Cardos,\u00a0<\/span><span style=\"color: #d30000;\">El Tr\u00e9bol<\/span><\/em><br style=\"color: #d30000;\" \/><em><span style=\"color: #d30000;\">San Jorge,\u00a0<\/span><span style=\"color: #d30000;\">San Genaro,\u00a0<\/span><span style=\"color: #d30000;\">Mar\u00eda Susana<\/span><\/em><\/p>\n","protected":false},"excerpt":{"rendered":"<p>En\u00a0la ma\u00f1ana del\u00a0jueves 21\u00a0en las instalaciones de Casa de la Cultura de San Genaro se\u00a0llev\u00f3 a cabo [&hellip;]<\/p>\n","protected":false},"author":3,"featured_media":13571,"comment_status":"closed","ping_status":"closed","sticky":false,"template":"","format":"standard","meta":{"_jetpack_memberships_contains_paid_content":false,"footnotes":"","jetpack_publicize_message":"","jetpack_publicize_feature_enabled":true,"jetpack_social_post_already_shared":true,"jetpack_social_options":{"image_generator_settings":{"template":"highway","enabled":false}}},"categories":[38,28],"tags":[],"jetpack_publicize_connections":[],"jetpack_sharing_enabled":true,"jetpack_featured_media_url":"http:\/\/enteculturalsantafesino.com.ar\/usina1\/wp-content\/uploads\/2014\/08\/10610481_772699196106727_2974290656650146253_n.jpg","_links":{"self":[{"href":"http:\/\/enteculturalsantafesino.com.ar\/usina1\/wp-json\/wp\/v2\/posts\/13567"}],"collection":[{"href":"http:\/\/enteculturalsantafesino.com.ar\/usina1\/wp-json\/wp\/v2\/posts"}],"about":[{"href":"http:\/\/enteculturalsantafesino.com.ar\/usina1\/wp-json\/wp\/v2\/types\/post"}],"author":[{"embeddable":true,"href":"http:\/\/enteculturalsantafesino.com.ar\/usina1\/wp-json\/wp\/v2\/users\/3"}],"replies":[{"embeddable":true,"href":"http:\/\/enteculturalsantafesino.com.ar\/usina1\/wp-json\/wp\/v2\/comments?post=13567"}],"version-history":[{"count":0,"href":"http:\/\/enteculturalsantafesino.com.ar\/usina1\/wp-json\/wp\/v2\/posts\/13567\/revisions"}],"wp:featuredmedia":[{"embeddable":true,"href":"http:\/\/enteculturalsantafesino.com.ar\/usina1\/wp-json\/wp\/v2\/media\/13571"}],"wp:attachment":[{"href":"http:\/\/enteculturalsantafesino.com.ar\/usina1\/wp-json\/wp\/v2\/media?parent=13567"}],"wp:term":[{"taxonomy":"category","embeddable":true,"href":"http:\/\/enteculturalsantafesino.com.ar\/usina1\/wp-json\/wp\/v2\/categories?post=13567"},{"taxonomy":"post_tag","embeddable":true,"href":"http:\/\/enteculturalsantafesino.com.ar\/usina1\/wp-json\/wp\/v2\/tags?post=13567"}],"curies":[{"name":"wp","href":"https:\/\/api.w.org\/{rel}","templated":true}]}}