{"id":138,"date":"2011-03-21T18:07:31","date_gmt":"2011-03-21T20:07:31","guid":{"rendered":"http:\/\/www.entecultura.com.ar\/loquepaso\/?p=138"},"modified":"2011-08-05T07:58:33","modified_gmt":"2011-08-05T07:58:33","slug":"primera-reunion-2011","status":"publish","type":"post","link":"http:\/\/enteculturalsantafesino.com.ar\/usina1\/2011\/03\/primera-reunion-2011\/","title":{"rendered":"Reuni\u00f3n en El Tr\u00e9bol [17\/03\/2011]"},"content":{"rendered":"<p style=\"text-align: right;\">EL TR\u00c9BOL, 17 de Marzo de 2011.<\/p>\n<p><strong>PRIMER ENCUENTRO DEL ENTE REGIONAL DE CULTURA DEL 2011<\/strong>.<br \/>\n<a class=\"lightbox\" title=\"Primera Reuni\u00f3n del Ente, 2011\" href=\"http:\/\/www.enteculturalsantafesino.com.ar\/noticias\/wp-content\/uploads\/2011\/03\/CULTURA-005.jpg\" rel=\"lightbox[138]\"><img loading=\"lazy\" decoding=\"async\" class=\"size-thumbnail wp-image-199 alignright\" title=\"Primera Reuni\u00f3n del Ente, 2011\" src=\"http:\/\/www.enteculturalsantafesino.com.ar\/noticias\/wp-content\/uploads\/2011\/03\/CULTURA-005-150x150.jpg\" alt=\"Primera Reuni\u00f3n del Ente, 2011\" width=\"150\" height=\"150\" srcset=\"http:\/\/enteculturalsantafesino.com.ar\/usina1\/wp-content\/uploads\/2011\/03\/CULTURA-005-150x150.jpg 150w, http:\/\/enteculturalsantafesino.com.ar\/usina1\/wp-content\/uploads\/2011\/03\/CULTURA-005-36x36.jpg 36w, http:\/\/enteculturalsantafesino.com.ar\/usina1\/wp-content\/uploads\/2011\/03\/CULTURA-005-115x115.jpg 115w\" sizes=\"(max-width: 150px) 100vw, 150px\" \/><\/a><\/p>\n<p>El jueves 17 de marzo en el Sal\u00f3n Municipal se llev\u00f3 a cabo la primera reuni\u00f3n del a\u00f1o del <strong>Ente Regional de Cultura<\/strong>.<\/p>\n<p>En la misma estuvieron presentes los directores y secretarios de Cultura de las localidades integrantes del Ente Regional. La <strong>Prof. Alejandra Vismara<\/strong> de la Municipalidad de <strong>El Tr\u00e9bol<\/strong>, la <strong>Prof. Romina Rodr\u00edguez <\/strong>de la Comuna de <strong>Mar\u00eda Juana<\/strong>; la <strong>Prof. Catalina Serdarevich<\/strong> de la Comuna de <strong>Carlos Pellegrini<\/strong>; la <strong>Srta. Carolina Gait\u00e1n<\/strong> de la Comuna de <strong>San Vicente<\/strong>; la <strong>Sra. Adriana Bernardi <\/strong>de la Municipalidad de <strong>San Jorge<\/strong>; el <strong>Sr. Fernando Banegas<\/strong> de la Municipalidad de <strong>Las Rosas<\/strong>; el <strong>Prof. Rub\u00e9n D\u00edaz<\/strong> de la Municipalidad de <strong>Sastre<\/strong>; la <strong>Prof. Elisabeth Katavic <\/strong>y el <strong>Sr. Imanol Mu\u00f1oz<\/strong> del <strong>Instituto de Artes Esc\u00e9nicas I.D.A.E..<\/strong> de la ciudad de <strong>Las Parejas<\/strong>.<\/p>\n<p>Tras el encuentro, la <strong>Prof. Mar\u00eda Alejandra Vismara<\/strong> expres\u00f3: <em>\u201cen la ma\u00f1ana de hoy tuvimos la primera reuni\u00f3n del Ente Regional del 2011, este a\u00f1o se suman a este proyecto integrantes de las localidades de <strong>San Vicente<\/strong>, <strong>Las Petacas<\/strong>, <strong>Villa Elo\u00edsa <\/strong>y <strong>Ca\u00f1ada Rosqu\u00edn<\/strong>\u201d<\/em> y agreg\u00f3: <em>\u201centre todos estuvimos volcando y evaluando diferentes propuestas para desarrollar durante el presente a\u00f1o, deseando llegar a cada ciudad con importantes eventos culturales para nuestra gente\u201d<\/em>.<\/p>\n<p>&nbsp;<\/p>\n<p>Oficina de Prensa y Comunicaci\u00f3n<br \/>\n<strong>MUNICIPALIDAD DE EL TR\u00c9BOL<\/strong><br \/>\nwww.eltrebol.gov.ar<\/p>\n<p>&nbsp;<\/p>\n","protected":false},"excerpt":{"rendered":"<p>EL TR\u00c9BOL, 17 de Marzo de 2011. PRIMER ENCUENTRO DEL ENTE REGIONAL DE CULTURA DEL 2011. El [&hellip;]<\/p>\n","protected":false},"author":1,"featured_media":0,"comment_status":"open","ping_status":"open","sticky":false,"template":"","format":"standard","meta":{"_jetpack_memberships_contains_paid_content":false,"footnotes":"","jetpack_publicize_message":"","jetpack_publicize_feature_enabled":true,"jetpack_social_post_already_shared":false,"jetpack_social_options":{"image_generator_settings":{"template":"highway","enabled":false}}},"categories":[15,9],"tags":[],"jetpack_publicize_connections":[],"jetpack_sharing_enabled":true,"jetpack_featured_media_url":"","_links":{"self":[{"href":"http:\/\/enteculturalsantafesino.com.ar\/usina1\/wp-json\/wp\/v2\/posts\/138"}],"collection":[{"href":"http:\/\/enteculturalsantafesino.com.ar\/usina1\/wp-json\/wp\/v2\/posts"}],"about":[{"href":"http:\/\/enteculturalsantafesino.com.ar\/usina1\/wp-json\/wp\/v2\/types\/post"}],"author":[{"embeddable":true,"href":"http:\/\/enteculturalsantafesino.com.ar\/usina1\/wp-json\/wp\/v2\/users\/1"}],"replies":[{"embeddable":true,"href":"http:\/\/enteculturalsantafesino.com.ar\/usina1\/wp-json\/wp\/v2\/comments?post=138"}],"version-history":[{"count":0,"href":"http:\/\/enteculturalsantafesino.com.ar\/usina1\/wp-json\/wp\/v2\/posts\/138\/revisions"}],"wp:attachment":[{"href":"http:\/\/enteculturalsantafesino.com.ar\/usina1\/wp-json\/wp\/v2\/media?parent=138"}],"wp:term":[{"taxonomy":"category","embeddable":true,"href":"http:\/\/enteculturalsantafesino.com.ar\/usina1\/wp-json\/wp\/v2\/categories?post=138"},{"taxonomy":"post_tag","embeddable":true,"href":"http:\/\/enteculturalsantafesino.com.ar\/usina1\/wp-json\/wp\/v2\/tags?post=138"}],"curies":[{"name":"wp","href":"https:\/\/api.w.org\/{rel}","templated":true}]}}