{"id":13828,"date":"2014-09-30T14:36:08","date_gmt":"2014-09-30T14:36:08","guid":{"rendered":"http:\/\/entecultura.com.ar\/usina1\/?p=13828"},"modified":"2014-09-30T14:36:08","modified_gmt":"2014-09-30T14:36:08","slug":"imponente-presentacion-del-ballet-folclorico-nacional-en-canada-de-gomez","status":"publish","type":"post","link":"http:\/\/enteculturalsantafesino.com.ar\/usina1\/2014\/09\/imponente-presentacion-del-ballet-folclorico-nacional-en-canada-de-gomez\/","title":{"rendered":"Imponente presentaci\u00f3n del \u00abBallet Folcl\u00f3rico Nacional\u00bb en Ca\u00f1ada de G\u00f3mez"},"content":{"rendered":"<p>El imponente e hist\u00f3rico <strong>Teatro Verdi<\/strong> de la ciudad de<a href=\"http:\/\/enteculturalsantafesino.com.ar\/usina1\/wp-content\/uploads\/2014\/09\/1393467_857340984276622_3140289629113038120_n.jpg\" rel=\"lightbox[13828]\"><img loading=\"lazy\" decoding=\"async\" class=\"alignright size-medium wp-image-13830\" src=\"http:\/\/enteculturalsantafesino.com.ar\/usina1\/wp-content\/uploads\/2014\/09\/1393467_857340984276622_3140289629113038120_n-300x225.jpg\" alt=\"1393467_857340984276622_3140289629113038120_n\" width=\"300\" height=\"225\" srcset=\"http:\/\/enteculturalsantafesino.com.ar\/usina1\/wp-content\/uploads\/2014\/09\/1393467_857340984276622_3140289629113038120_n-300x225.jpg 300w, http:\/\/enteculturalsantafesino.com.ar\/usina1\/wp-content\/uploads\/2014\/09\/1393467_857340984276622_3140289629113038120_n.jpg 960w\" sizes=\"(max-width: 300px) 100vw, 300px\" \/><\/a><\/p>\n<p><strong>Ca\u00f1ada de G\u00f3mez,<\/strong> recib\u00eda en la noche del<strong> lunes 29<\/strong> a una multitud,<\/p>\n<p>que se hac\u00eda presente desde distintas comunidades de la regi\u00f3n, para disfrutar<\/p>\n<p>del maravilloso espect\u00e1culo del <strong>Ballet Folcl\u00f3rico Nacional.<\/strong><\/p>\n<p>Mediante las gestiones llevadas a cabo en el <strong>Ministerio de Cultura de la Naci\u00f3n<\/strong> a trav\u00e9s del <strong>Ente Cultural Santafesino<\/strong>, la <strong>Diputada Nacional Lic. Claudia Giaccone<\/strong> y la <strong>Municipalidad de Ca\u00f1ada de G\u00f3mez<\/strong>, este destacado elenco nacional, hizo su segunda presentaci\u00f3n enmarcada en la gira dentro de\u00a0 las comunidades santafesinas \u00a0de: <em>Ca\u00f1ada del Ucle, Ca\u00f1ada de G\u00f3mez, Mar\u00eda Susana, Tostado y Ceres.<\/em><\/p>\n<p>El entusiasmo del p\u00fablico que desde los distintos rincones de la Sala aplaud\u00edan cada coreograf\u00eda permit\u00edan vivir y disfrutar de un momento inigualable producido en el interior santafesino.<\/p>\n<p>La<strong> Intendente Dra Stella Cl\u00e9rici<\/strong> agradeci\u00f3 la presencia del <strong>Ballet Folcl\u00f3rico Nacional<\/strong> destacando la necesidad de estas manifestaciones <a href=\"http:\/\/enteculturalsantafesino.com.ar\/usina1\/wp-content\/uploads\/2014\/09\/1656005_532846196860114_7677503050500403002_n.jpg\" rel=\"lightbox[13828]\"><img loading=\"lazy\" decoding=\"async\" class=\"alignright size-medium wp-image-13829\" src=\"http:\/\/enteculturalsantafesino.com.ar\/usina1\/wp-content\/uploads\/2014\/09\/1656005_532846196860114_7677503050500403002_n-300x155.jpg\" alt=\"1656005_532846196860114_7677503050500403002_n\" width=\"300\" height=\"155\" srcset=\"http:\/\/enteculturalsantafesino.com.ar\/usina1\/wp-content\/uploads\/2014\/09\/1656005_532846196860114_7677503050500403002_n-300x155.jpg 300w, http:\/\/enteculturalsantafesino.com.ar\/usina1\/wp-content\/uploads\/2014\/09\/1656005_532846196860114_7677503050500403002_n.jpg 526w\" sizes=\"(max-width: 300px) 100vw, 300px\" \/><\/a>culturales en nuestras poblaciones. <em>\u201cHoy Lunes tenemos un teatro lleno y eso es para destacar y resaltar el trabajo comprometido que lleva adelante desde hace a\u00f1os nuestro Ballet Nacional\u00bb.\u00a0<\/em><\/p>\n<p><em>\u00abEsta posibilidad se logra mediante el trabajo de uni\u00f3n de muchos pueblos y ciudades que se concentran aunando esfuerzos desde el Ente Cultural Santafesino. Tambi\u00e9n la mandataria local agradeci\u00f3 la presencia de la Diputada Nacional Claudia Giaccone por estar presente compartiendo esta noche de gala en la cabecera del Departamento Iriondo\u00bb.<\/em><\/p>\n<p><em>\u00a0El tel\u00f3n se abri\u00f3 y durante m\u00e1s de una hora el p\u00fablico fue cautivado por las siguientes puestas coreogr\u00e1ficas:<\/em><\/p>\n<p><strong><em>\u00a0<\/em><\/strong><strong><em>Danza de las Hilanderas.<\/em><\/strong><\/p>\n<p>M\u00fasica de Ariel Ramirez &#8211; Gilberto Rojas &#8211; An\u00f3nima<a href=\"http:\/\/enteculturalsantafesino.com.ar\/usina1\/wp-content\/uploads\/2014\/09\/10653664_857338427610211_8376925470400642615_n.jpg\" rel=\"lightbox[13828]\"><img loading=\"lazy\" decoding=\"async\" class=\"alignright size-medium wp-image-13834\" src=\"http:\/\/enteculturalsantafesino.com.ar\/usina1\/wp-content\/uploads\/2014\/09\/10653664_857338427610211_8376925470400642615_n-300x225.jpg\" alt=\"10653664_857338427610211_8376925470400642615_n\" width=\"300\" height=\"225\" srcset=\"http:\/\/enteculturalsantafesino.com.ar\/usina1\/wp-content\/uploads\/2014\/09\/10653664_857338427610211_8376925470400642615_n-300x225.jpg 300w, http:\/\/enteculturalsantafesino.com.ar\/usina1\/wp-content\/uploads\/2014\/09\/10653664_857338427610211_8376925470400642615_n.jpg 960w\" sizes=\"(max-width: 300px) 100vw, 300px\" \/><\/a><\/p>\n<p>Coreograf\u00eda: Santiago Ayala y Norma Viola.<\/p>\n<p><em>\u00a0 Homenaje a las teleras de Am\u00e9rica, que con todo amor y habilidad manual, mantienen a trav\u00e9s del tiempo, una de las artesan\u00edas m\u00e1s creativas e importantes de nuestro pa\u00eds.<\/em><\/p>\n<p><em>La acci\u00f3n se desarrolla en el noroeste argentino y el sur de Bolivia.<\/em><\/p>\n<p><strong><em>Cuadros:\u00a0\u00a0 <\/em><\/strong><\/p>\n<p>* Preparando el Huso.<\/p>\n<p>* Tejiendo el Poncho.<\/p>\n<p>* La Fiesta y la Alegr\u00eda despu\u00e9s del trabajo.<\/p>\n<p><em>\u00a0<\/em><strong><em>Valseado<\/em><\/strong><\/p>\n<p>Coreograf\u00eda: Omar Fiordelmondo<a href=\"http:\/\/enteculturalsantafesino.com.ar\/usina1\/wp-content\/uploads\/2014\/09\/10468358_857338654276855_3925124638058402284_n.jpg\" rel=\"lightbox[13828]\"><img loading=\"lazy\" decoding=\"async\" class=\"alignright size-medium wp-image-13833\" src=\"http:\/\/enteculturalsantafesino.com.ar\/usina1\/wp-content\/uploads\/2014\/09\/10468358_857338654276855_3925124638058402284_n-300x225.jpg\" alt=\"10468358_857338654276855_3925124638058402284_n\" width=\"300\" height=\"225\" srcset=\"http:\/\/enteculturalsantafesino.com.ar\/usina1\/wp-content\/uploads\/2014\/09\/10468358_857338654276855_3925124638058402284_n-300x225.jpg 300w, http:\/\/enteculturalsantafesino.com.ar\/usina1\/wp-content\/uploads\/2014\/09\/10468358_857338654276855_3925124638058402284_n.jpg 960w\" sizes=\"(max-width: 300px) 100vw, 300px\" \/><\/a><\/p>\n<p><strong><em>La Vendedora de Pescado y el Tape.<\/em><\/strong><\/p>\n<p>M\u00fasica de Antonio Tarrag\u00f3 Ros<\/p>\n<p>Coreograf\u00eda: Santiago Ayala y Norma Viola<\/p>\n<p><strong><em>Triunfo y Malambo Sure\u00f1o<\/em><\/strong><\/p>\n<p>Coreograf\u00eda: Adri\u00e1n Verges y Omar Fiordelmondo<\/p>\n<p>M\u00fasica: M\u00fasica: Rinc\u00f3n de L\u00f3pez (Triunfo)\u00a0 por La Callejera<strong><em>\u00a0<\/em><\/strong><\/p>\n<p><strong><em>Tangos<\/em><\/strong><\/p>\n<p>Negracha<\/p>\n<p>Coreograf\u00eda: Leonardo Cuello<a href=\"http:\/\/enteculturalsantafesino.com.ar\/usina1\/wp-content\/uploads\/2014\/09\/1474591_857338624276858_8502931241713111836_n.jpg\" rel=\"lightbox[13828]\"><img loading=\"lazy\" decoding=\"async\" class=\"alignright size-medium wp-image-13831\" src=\"http:\/\/enteculturalsantafesino.com.ar\/usina1\/wp-content\/uploads\/2014\/09\/1474591_857338624276858_8502931241713111836_n-300x225.jpg\" alt=\"1474591_857338624276858_8502931241713111836_n\" width=\"300\" height=\"225\" srcset=\"http:\/\/enteculturalsantafesino.com.ar\/usina1\/wp-content\/uploads\/2014\/09\/1474591_857338624276858_8502931241713111836_n-300x225.jpg 300w, http:\/\/enteculturalsantafesino.com.ar\/usina1\/wp-content\/uploads\/2014\/09\/1474591_857338624276858_8502931241713111836_n.jpg 960w\" sizes=\"(max-width: 300px) 100vw, 300px\" \/><\/a><\/p>\n<p>M\u00fasica: Osvaldo Pugliese &#8211; Versi\u00f3n:\u00a0 Color\u00a0 Tango<\/p>\n<p>Dise\u00f1o de Iluminaci\u00f3n: Gustavo Trinidad<\/p>\n<p>Quejas de Bandone\u00f3n (Estreno)<\/p>\n<p>M\u00fasica de\u00a0 An\u00edbal Troilo<\/p>\n<p>Coreograf\u00eda: Leonardo Cuello<\/p>\n<p>Dise\u00f1o de Iluminaci\u00f3n: Gustavo Trinidad<\/p>\n<p>La Cumparsita<\/p>\n<p>M\u00fasica de Mato Rodriguez<\/p>\n<p>Coreograf\u00eda de N\u00e9lida y Nelson y Ballet Folkl\u00f3rico Nacional<a href=\"http:\/\/enteculturalsantafesino.com.ar\/usina1\/wp-content\/uploads\/2014\/09\/10450847_857340124276708_810398307529007813_n.jpg\" rel=\"lightbox[13828]\"><img loading=\"lazy\" decoding=\"async\" class=\"alignright size-medium wp-image-13832\" src=\"http:\/\/enteculturalsantafesino.com.ar\/usina1\/wp-content\/uploads\/2014\/09\/10450847_857340124276708_810398307529007813_n-300x225.jpg\" alt=\"10450847_857340124276708_810398307529007813_n\" width=\"300\" height=\"225\" srcset=\"http:\/\/enteculturalsantafesino.com.ar\/usina1\/wp-content\/uploads\/2014\/09\/10450847_857340124276708_810398307529007813_n-300x225.jpg 300w, http:\/\/enteculturalsantafesino.com.ar\/usina1\/wp-content\/uploads\/2014\/09\/10450847_857340124276708_810398307529007813_n.jpg 960w\" sizes=\"(max-width: 300px) 100vw, 300px\" \/><\/a><\/p>\n<p><strong><em>Peric\u00f3n Nacional<\/em><\/strong><\/p>\n<p>M\u00fasica de Antonio Podest\u00e1.<\/p>\n<p><strong><em>Himno Nacional<\/em><\/strong><\/p>\n<p>Musicalizaci\u00f3n de Antonio Bosikovich . M\u00fasicos: Horacio Romo, Andr\u00e9s Ascenio,<\/p>\n<p>Walter Olivero y Cristian Vattimo<\/p>\n<p>Idea y Coreograf\u00eda: Omar Fiordelmondo<strong><em>\u00a0<\/em><\/strong><\/p>\n<p><strong><em>Director : Fiordelmondo Omar<\/em><\/strong><\/p>\n<p><strong><em>Subdirectora : Fern\u00e1ndez Margarita<a href=\"http:\/\/enteculturalsantafesino.com.ar\/usina1\/wp-content\/uploads\/2014\/09\/10698472_857342404276480_1665712164305107979_n.jpg\" rel=\"lightbox[13828]\"><img loading=\"lazy\" decoding=\"async\" class=\"alignright size-medium wp-image-13837\" src=\"http:\/\/enteculturalsantafesino.com.ar\/usina1\/wp-content\/uploads\/2014\/09\/10698472_857342404276480_1665712164305107979_n-300x225.jpg\" alt=\"10698472_857342404276480_1665712164305107979_n\" width=\"300\" height=\"225\" srcset=\"http:\/\/enteculturalsantafesino.com.ar\/usina1\/wp-content\/uploads\/2014\/09\/10698472_857342404276480_1665712164305107979_n-300x225.jpg 300w, http:\/\/enteculturalsantafesino.com.ar\/usina1\/wp-content\/uploads\/2014\/09\/10698472_857342404276480_1665712164305107979_n.jpg 960w\" sizes=\"(max-width: 300px) 100vw, 300px\" \/><\/a><\/em><\/strong><\/p>\n<p>La <strong><em>Subdirectora del BFN Margarita Fern\u00e1ndez<\/em><\/strong> agradeci\u00f3 a todos los que conforman este gran elenco y a cada uno de los asistentes, haciendo\u00a0extensivo el saludo del <strong>Maestro Omar Fiordelmondo<\/strong> que por problemas familiares no puede estar en esta ansiada gira por su querida provincia de Santa fe. Adem\u00e1s remarc\u00f3 que el BFN est\u00e1 integrado por distintos bailarines de nuestras provincias y Santa Fe aporta muchos de ellos provenientes de pueblos y ciudades muy cercanas a Ca\u00f1ada de G\u00f3mez.<\/p>\n<p><strong><em>Ra\u00fa Marego-Productor General del BFN<\/em><\/strong>, agradeci\u00f3 por todas las atenciones recibidas enalteciendo las figuras de los creadores de este Ballet Nacional, <strong>Santiago \u201cEl Ch\u00facaro\u201d Ayala y Norma Viola.<\/strong> <em>\u201cDebo decirles que el Ballet Nacional el pr\u00f3ximo a\u00f1o cumple 25 y deseamos que desde el Ente Cultural Santafesino,\u00a0 se pueda originar una nueva vista a comunidades como las que tenemos en esta gira 2014\u201d.<a href=\"http:\/\/enteculturalsantafesino.com.ar\/usina1\/wp-content\/uploads\/2014\/09\/10686620_857341970943190_290477092535573614_n.jpg\" rel=\"lightbox[13828]\"><img loading=\"lazy\" decoding=\"async\" class=\"alignright size-medium wp-image-13836\" src=\"http:\/\/enteculturalsantafesino.com.ar\/usina1\/wp-content\/uploads\/2014\/09\/10686620_857341970943190_290477092535573614_n-300x225.jpg\" alt=\"10686620_857341970943190_290477092535573614_n\" width=\"300\" height=\"225\" srcset=\"http:\/\/enteculturalsantafesino.com.ar\/usina1\/wp-content\/uploads\/2014\/09\/10686620_857341970943190_290477092535573614_n-300x225.jpg 300w, http:\/\/enteculturalsantafesino.com.ar\/usina1\/wp-content\/uploads\/2014\/09\/10686620_857341970943190_290477092535573614_n.jpg 960w\" sizes=\"(max-width: 300px) 100vw, 300px\" \/><\/a><\/em><\/p>\n<p>Hoy el <strong>Ballet\u00a0Folcl\u00f3rico\u00a0Nacional<\/strong>\u00a0se presenta a partir de las <strong>21 hs<\/strong> en la comunidad de <strong>Mar\u00eda Susana- Usina I<\/strong><\/p>\n","protected":false},"excerpt":{"rendered":"<p>El imponente e hist\u00f3rico Teatro Verdi de la ciudad de Ca\u00f1ada de G\u00f3mez, recib\u00eda en la noche [&hellip;]<\/p>\n","protected":false},"author":3,"featured_media":13830,"comment_status":"closed","ping_status":"closed","sticky":false,"template":"","format":"standard","meta":{"_jetpack_memberships_contains_paid_content":false,"footnotes":"","jetpack_publicize_message":"","jetpack_publicize_feature_enabled":true,"jetpack_social_post_already_shared":true,"jetpack_social_options":{"image_generator_settings":{"template":"highway","enabled":false}}},"categories":[11,38],"tags":[],"jetpack_publicize_connections":[],"jetpack_sharing_enabled":true,"jetpack_featured_media_url":"http:\/\/enteculturalsantafesino.com.ar\/usina1\/wp-content\/uploads\/2014\/09\/1393467_857340984276622_3140289629113038120_n.jpg","_links":{"self":[{"href":"http:\/\/enteculturalsantafesino.com.ar\/usina1\/wp-json\/wp\/v2\/posts\/13828"}],"collection":[{"href":"http:\/\/enteculturalsantafesino.com.ar\/usina1\/wp-json\/wp\/v2\/posts"}],"about":[{"href":"http:\/\/enteculturalsantafesino.com.ar\/usina1\/wp-json\/wp\/v2\/types\/post"}],"author":[{"embeddable":true,"href":"http:\/\/enteculturalsantafesino.com.ar\/usina1\/wp-json\/wp\/v2\/users\/3"}],"replies":[{"embeddable":true,"href":"http:\/\/enteculturalsantafesino.com.ar\/usina1\/wp-json\/wp\/v2\/comments?post=13828"}],"version-history":[{"count":0,"href":"http:\/\/enteculturalsantafesino.com.ar\/usina1\/wp-json\/wp\/v2\/posts\/13828\/revisions"}],"wp:featuredmedia":[{"embeddable":true,"href":"http:\/\/enteculturalsantafesino.com.ar\/usina1\/wp-json\/wp\/v2\/media\/13830"}],"wp:attachment":[{"href":"http:\/\/enteculturalsantafesino.com.ar\/usina1\/wp-json\/wp\/v2\/media?parent=13828"}],"wp:term":[{"taxonomy":"category","embeddable":true,"href":"http:\/\/enteculturalsantafesino.com.ar\/usina1\/wp-json\/wp\/v2\/categories?post=13828"},{"taxonomy":"post_tag","embeddable":true,"href":"http:\/\/enteculturalsantafesino.com.ar\/usina1\/wp-json\/wp\/v2\/tags?post=13828"}],"curies":[{"name":"wp","href":"https:\/\/api.w.org\/{rel}","templated":true}]}}