{"id":1424,"date":"2011-11-07T14:06:38","date_gmt":"2011-11-07T14:06:38","guid":{"rendered":"http:\/\/entecultura.com.ar\/noticias\/?p=1424"},"modified":"2011-11-07T14:09:34","modified_gmt":"2011-11-07T14:09:34","slug":"idae-ya-esta-en-costa-rica","status":"publish","type":"post","link":"http:\/\/enteculturalsantafesino.com.ar\/usina1\/2011\/11\/idae-ya-esta-en-costa-rica\/","title":{"rendered":"IDAE YA EST\u00c1 EN COSTA RICA"},"content":{"rendered":"<p><a href=\"http:\/\/enteculturalsantafesino.com.ar\/noticias\/wp-content\/uploads\/2011\/11\/COSTA-RICA-AEROPUERTO1.jpg\" rel=\"lightbox[1424]\"><img loading=\"lazy\" decoding=\"async\" class=\"alignright size-thumbnail wp-image-1427\" title=\"COSTA RICA AEROPUERTO\" src=\"http:\/\/enteculturalsantafesino.com.ar\/noticias\/wp-content\/uploads\/2011\/11\/COSTA-RICA-AEROPUERTO1-150x150.jpg\" alt=\"\" width=\"150\" height=\"150\" \/><\/a>El Instituto de Artes Esc\u00e9nicas (IDAE),, dirigido por la Prof.\u00a0 Elizabet Katavik, emprendi\u00f3 este s\u00e1bado 5 de noviembre una nueva gira internacional, esta vez a Costa Rica.<\/p>\n<p>Junto a este grupo fueron integrantes de la Academia Henry Martin de El Tr\u00e9bol para participar del Primer Festival Internacional de Baile Popular, que se desarrollar\u00e1 entre el 8 y el 16 de este mes celebrando el XV Aniversario del Grupo Querube, que el a\u00f1o pasado visit\u00f3 la ciudad de El Tr\u00e9bol y la regi\u00f3n.<\/p>\n<p>La delegaci\u00f3n est\u00e1 compuesta por gente de Las Rosas, Carla Tuttolomondo, Sebasti\u00e1n Mazzieri y Jorge Bocos, por gente de Las Parejas Candela Mu\u00f1oz, Imanol Mu\u00f1oz y la cantante Nancy Borthiri y por gente de El Tr\u00e9bol Gisela Marquiz, M\u00f3nica de Marquiz, Julio Canzonetti y Jorge Marquiz.<\/p>\n<p>En di\u00e1logo con Gisela Marquiz a trav\u00e9s de Internet coment\u00f3: <strong><em>\u201cEstamos en Costa Rica, ya nos hospedamos en el hotel, es todo s\u00faper lindo\u201d, <\/em><\/strong>aunque aclar\u00f3<strong><em>: \u201cUn poco cansador el viaje de 48hs, pero vali\u00f3 la pena.\u00a0 En el d\u00eda de hoy desarrollar\u00e1n el ensayo en la Universidad de Querub\u00e9 y posteriormente har\u00e1n un recorrido tur\u00edstico por San Jos\u00e9 (Capital de Costa Rica). Fuente comosomosdigital<\/em><\/strong><\/p>\n","protected":false},"excerpt":{"rendered":"<p>El Instituto de Artes Esc\u00e9nicas (IDAE),, dirigido por la Prof.\u00a0 Elizabet Katavik, emprendi\u00f3 este s\u00e1bado 5 de [&hellip;]<\/p>\n","protected":false},"author":3,"featured_media":0,"comment_status":"open","ping_status":"open","sticky":false,"template":"","format":"standard","meta":{"_jetpack_memberships_contains_paid_content":false,"footnotes":"","jetpack_publicize_message":"","jetpack_publicize_feature_enabled":true,"jetpack_social_post_already_shared":false,"jetpack_social_options":{"image_generator_settings":{"template":"highway","enabled":false}}},"categories":[15,4,24,6],"tags":[],"jetpack_publicize_connections":[],"jetpack_sharing_enabled":true,"jetpack_featured_media_url":"","_links":{"self":[{"href":"http:\/\/enteculturalsantafesino.com.ar\/usina1\/wp-json\/wp\/v2\/posts\/1424"}],"collection":[{"href":"http:\/\/enteculturalsantafesino.com.ar\/usina1\/wp-json\/wp\/v2\/posts"}],"about":[{"href":"http:\/\/enteculturalsantafesino.com.ar\/usina1\/wp-json\/wp\/v2\/types\/post"}],"author":[{"embeddable":true,"href":"http:\/\/enteculturalsantafesino.com.ar\/usina1\/wp-json\/wp\/v2\/users\/3"}],"replies":[{"embeddable":true,"href":"http:\/\/enteculturalsantafesino.com.ar\/usina1\/wp-json\/wp\/v2\/comments?post=1424"}],"version-history":[{"count":0,"href":"http:\/\/enteculturalsantafesino.com.ar\/usina1\/wp-json\/wp\/v2\/posts\/1424\/revisions"}],"wp:attachment":[{"href":"http:\/\/enteculturalsantafesino.com.ar\/usina1\/wp-json\/wp\/v2\/media?parent=1424"}],"wp:term":[{"taxonomy":"category","embeddable":true,"href":"http:\/\/enteculturalsantafesino.com.ar\/usina1\/wp-json\/wp\/v2\/categories?post=1424"},{"taxonomy":"post_tag","embeddable":true,"href":"http:\/\/enteculturalsantafesino.com.ar\/usina1\/wp-json\/wp\/v2\/tags?post=1424"}],"curies":[{"name":"wp","href":"https:\/\/api.w.org\/{rel}","templated":true}]}}