{"id":14616,"date":"2015-03-15T23:08:00","date_gmt":"2015-03-15T23:08:00","guid":{"rendered":"http:\/\/entecultura.com.ar\/usina1\/?p=14616"},"modified":"2015-03-15T23:08:00","modified_gmt":"2015-03-15T23:08:00","slug":"san-jorge-presentacion-del-libro-entrenando-la-fuerza-2","status":"publish","type":"post","link":"http:\/\/enteculturalsantafesino.com.ar\/usina1\/2015\/03\/san-jorge-presentacion-del-libro-entrenando-la-fuerza-2\/","title":{"rendered":"San Jorge: Presentaci\u00f3n del libro \u00abEntrenando la Fuerza\u00bb"},"content":{"rendered":"<p>El <strong>Lic. Rom\u00e1n Gorosito<\/strong> realiz\u00f3 el \u00faltimo s\u00e1bado en el <em>Complejo Cultural Municipal<a href=\"http:\/\/enteculturalsantafesino.com.ar\/usina1\/wp-content\/uploads\/2015\/03\/10404072_810330649051911_8380251554963084540_n.jpg\" rel=\"lightbox[14616]\"><img loading=\"lazy\" decoding=\"async\" class=\"alignright size-medium wp-image-14617\" src=\"http:\/\/enteculturalsantafesino.com.ar\/usina1\/wp-content\/uploads\/2015\/03\/10404072_810330649051911_8380251554963084540_n-300x225.jpg\" alt=\"10404072_810330649051911_8380251554963084540_n\" width=\"300\" height=\"225\" srcset=\"http:\/\/enteculturalsantafesino.com.ar\/usina1\/wp-content\/uploads\/2015\/03\/10404072_810330649051911_8380251554963084540_n-300x225.jpg 300w, http:\/\/enteculturalsantafesino.com.ar\/usina1\/wp-content\/uploads\/2015\/03\/10404072_810330649051911_8380251554963084540_n.jpg 960w\" sizes=\"(max-width: 300px) 100vw, 300px\" \/><\/a><\/em><\/p>\n<p>la presentaci\u00f3n de su libro<strong> \u201cEntrenando la Fuerza\u00bb,<\/strong> adem\u00e1s de una cl\u00ednica para entrenadores, Profesores de Educaci\u00f3n F\u00edsica, M\u00e9dicos y p\u00fablico en general.<\/p>\n<p>El<em> Sr. Juan Carlos Scarinzi<\/em> hizo las veces de presentador y la presencia del Intendente Municipal Enrique Marucci, la Subsecretaria de Cultura Patricia Ambrosioni, la Directora de Deportes Municipal Prof. Betiana Far\u00edas y el Director del C.E.F. Prof. Mariano Burgos, engalanaron el evento<\/p>\n","protected":false},"excerpt":{"rendered":"<p>El Lic. Rom\u00e1n Gorosito realiz\u00f3 el \u00faltimo s\u00e1bado en el Complejo Cultural Municipal la presentaci\u00f3n de su [&hellip;]<\/p>\n","protected":false},"author":3,"featured_media":14617,"comment_status":"closed","ping_status":"closed","sticky":false,"template":"","format":"standard","meta":{"_jetpack_memberships_contains_paid_content":false,"footnotes":"","jetpack_publicize_message":"","jetpack_publicize_feature_enabled":true,"jetpack_social_post_already_shared":true,"jetpack_social_options":{"image_generator_settings":{"template":"highway","enabled":false}}},"categories":[16],"tags":[],"jetpack_publicize_connections":[],"jetpack_sharing_enabled":true,"jetpack_featured_media_url":"http:\/\/enteculturalsantafesino.com.ar\/usina1\/wp-content\/uploads\/2015\/03\/10404072_810330649051911_8380251554963084540_n.jpg","_links":{"self":[{"href":"http:\/\/enteculturalsantafesino.com.ar\/usina1\/wp-json\/wp\/v2\/posts\/14616"}],"collection":[{"href":"http:\/\/enteculturalsantafesino.com.ar\/usina1\/wp-json\/wp\/v2\/posts"}],"about":[{"href":"http:\/\/enteculturalsantafesino.com.ar\/usina1\/wp-json\/wp\/v2\/types\/post"}],"author":[{"embeddable":true,"href":"http:\/\/enteculturalsantafesino.com.ar\/usina1\/wp-json\/wp\/v2\/users\/3"}],"replies":[{"embeddable":true,"href":"http:\/\/enteculturalsantafesino.com.ar\/usina1\/wp-json\/wp\/v2\/comments?post=14616"}],"version-history":[{"count":0,"href":"http:\/\/enteculturalsantafesino.com.ar\/usina1\/wp-json\/wp\/v2\/posts\/14616\/revisions"}],"wp:featuredmedia":[{"embeddable":true,"href":"http:\/\/enteculturalsantafesino.com.ar\/usina1\/wp-json\/wp\/v2\/media\/14617"}],"wp:attachment":[{"href":"http:\/\/enteculturalsantafesino.com.ar\/usina1\/wp-json\/wp\/v2\/media?parent=14616"}],"wp:term":[{"taxonomy":"category","embeddable":true,"href":"http:\/\/enteculturalsantafesino.com.ar\/usina1\/wp-json\/wp\/v2\/categories?post=14616"},{"taxonomy":"post_tag","embeddable":true,"href":"http:\/\/enteculturalsantafesino.com.ar\/usina1\/wp-json\/wp\/v2\/tags?post=14616"}],"curies":[{"name":"wp","href":"https:\/\/api.w.org\/{rel}","templated":true}]}}