{"id":14619,"date":"2015-03-15T23:14:30","date_gmt":"2015-03-15T23:14:30","guid":{"rendered":"http:\/\/entecultura.com.ar\/usina1\/?p=14619"},"modified":"2015-03-15T23:14:30","modified_gmt":"2015-03-15T23:14:30","slug":"san-genaro-el-municipio-trabaja-en-el-salon-del-museo-historico-de-la-ciudad","status":"publish","type":"post","link":"http:\/\/enteculturalsantafesino.com.ar\/usina1\/2015\/03\/san-genaro-el-municipio-trabaja-en-el-salon-del-museo-historico-de-la-ciudad\/","title":{"rendered":"San Genaro: El Municipio trabaja en el Sal\u00f3n del Museo Hist\u00f3rico de la Ciudad"},"content":{"rendered":"<p>Desde hace meses el Municipio se encuentra trabajando<a href=\"http:\/\/enteculturalsantafesino.com.ar\/usina1\/wp-content\/uploads\/2015\/03\/11069875_953979097966517_7024130488138015320_n.jpg\" rel=\"lightbox[14619]\"><img loading=\"lazy\" decoding=\"async\" class=\"alignright size-medium wp-image-14620\" src=\"http:\/\/enteculturalsantafesino.com.ar\/usina1\/wp-content\/uploads\/2015\/03\/11069875_953979097966517_7024130488138015320_n-300x225.jpg\" alt=\"11069875_953979097966517_7024130488138015320_n\" width=\"300\" height=\"225\" srcset=\"http:\/\/enteculturalsantafesino.com.ar\/usina1\/wp-content\/uploads\/2015\/03\/11069875_953979097966517_7024130488138015320_n-300x225.jpg 300w, http:\/\/enteculturalsantafesino.com.ar\/usina1\/wp-content\/uploads\/2015\/03\/11069875_953979097966517_7024130488138015320_n.jpg 960w\" sizes=\"(max-width: 300px) 100vw, 300px\" \/><\/a><\/p>\n<p>en el Sal\u00f3n del Museo Hist\u00f3rico de la Ciudad. Realizando una importante restauraci\u00f3n del lugar, recuperando objetos donados por familias sangenarinas y d\u00e1ndole valor a piezas centenarias.<\/p>\n<div class=\"_li\">\n<div id=\"globalContainer\" class=\"uiContextualLayerParent\">\n<div id=\"content\" class=\"fb_content clearfix \" data-referrer=\"content\">\n<div id=\"mainContainer\">\n<div id=\"contentCol\" class=\"clearfix hasRightCol\">\n<div id=\"contentArea\">\n<div id=\"pagelet_timeline_main_column\" class=\"_5h60\" data-gt=\"{&quot;profile_owner&quot;:&quot;100000633082835&quot;,&quot;ref&quot;:&quot;timeline:timeline&quot;}\" data-referrer=\"pagelet_timeline_main_column\">\n<div id=\"pagelet_main_column_personal\" class=\"_5h60\" data-referrer=\"pagelet_main_column_personal_timeline\">\n<div id=\"timeline_tab_content\">\n<div id=\"pagelet_timeline_recent\" class=\"_5h60 fbTimelineTimePeriod\" data-referrer=\"pagelet_timeline_recent\">\n<div id=\"u_jsonp_18_g\" class=\"fbTimelineSection fbTimelineCompactSection fbTimelineSectionTransparent\">\n<div id=\"u_jsonp_18_f\" class=\"fbTimelineCapsule clearfix\" data-referrer=\"pagelet_timeline_recent_ocm\" data-end=\"1427871599\" data-start=\"1425650074\">\n<div class=\"_4_7u\">\n<div class=\"_5pcb _4b0l\">\n<div id=\"tl_unit_9161366988244312446\" class=\"_4-u2 mbm _5jmm _5pat _5v3q _50nb\" data-ft=\"{&quot;fbfeed_location&quot;:10,&quot;thid&quot;:&quot;100000633082835:306061129499414:2:0:1427871599:9161366988244312446&quot;}\" data-time=\"1426256449\">\n<div class=\"userContentWrapper _5pcr _3ccb\" data-gt=\"{&quot;type&quot;:&quot;click2canvas&quot;,&quot;fbstory&quot;:&quot;S:_I100000633082835:953985117965915&quot;,&quot;fbsource&quot;:703,&quot;ref&quot;:&quot;nf_generic&quot;}\">\n<div class=\"_5pbx userContent\" data-ft=\"{&quot;tn&quot;:&quot;K&quot;}\">\n<div id=\"id_550610fd72d708512555037\" class=\"text_exposed_root text_exposed\">\n<p>Este espacio de investigaci\u00f3n, estudio y aprendizaje de la historia de nuestra ciudad,<\/p>\n<p>abrir\u00e1 sus puerta el d\u00eda Domingo 12 de Abril, oportunidad en que quedar\u00e1 inaugurado formalmente.<\/p>\n<p>El museo de la ciudad contar\u00e1 con un espacio de exposi<span class=\"text_exposed_show\">ci\u00f3n permanente y otro espacio de muestras itinerantes, para estas \u00faltimas en los pr\u00f3ximos d\u00edas convocaremos a los sangenarinos para que acerquen elementos que forman parte de su historia.<\/span><\/p>\n<div class=\"text_exposed_show\">\n<p>\u201cUn pueblo sin memoria hist\u00f3rica es un pueblo sin identidad\u201d<\/p>\n<\/div>\n<\/div>\n<\/div>\n<\/div>\n<\/div>\n<\/div>\n<\/div>\n<\/div>\n<\/div>\n<\/div>\n<\/div>\n<\/div>\n<\/div>\n<\/div>\n<\/div>\n<\/div>\n<\/div>\n<\/div>\n<\/div>\n","protected":false},"excerpt":{"rendered":"<p>Desde hace meses el Municipio se encuentra trabajando en el Sal\u00f3n del Museo Hist\u00f3rico de la Ciudad. [&hellip;]<\/p>\n","protected":false},"author":3,"featured_media":14620,"comment_status":"closed","ping_status":"closed","sticky":false,"template":"","format":"standard","meta":{"_jetpack_memberships_contains_paid_content":false,"footnotes":"","jetpack_publicize_message":"","jetpack_publicize_feature_enabled":true,"jetpack_social_post_already_shared":true,"jetpack_social_options":{"image_generator_settings":{"template":"highway","enabled":false}}},"categories":[28],"tags":[],"jetpack_publicize_connections":[],"jetpack_sharing_enabled":true,"jetpack_featured_media_url":"http:\/\/enteculturalsantafesino.com.ar\/usina1\/wp-content\/uploads\/2015\/03\/11069875_953979097966517_7024130488138015320_n.jpg","_links":{"self":[{"href":"http:\/\/enteculturalsantafesino.com.ar\/usina1\/wp-json\/wp\/v2\/posts\/14619"}],"collection":[{"href":"http:\/\/enteculturalsantafesino.com.ar\/usina1\/wp-json\/wp\/v2\/posts"}],"about":[{"href":"http:\/\/enteculturalsantafesino.com.ar\/usina1\/wp-json\/wp\/v2\/types\/post"}],"author":[{"embeddable":true,"href":"http:\/\/enteculturalsantafesino.com.ar\/usina1\/wp-json\/wp\/v2\/users\/3"}],"replies":[{"embeddable":true,"href":"http:\/\/enteculturalsantafesino.com.ar\/usina1\/wp-json\/wp\/v2\/comments?post=14619"}],"version-history":[{"count":0,"href":"http:\/\/enteculturalsantafesino.com.ar\/usina1\/wp-json\/wp\/v2\/posts\/14619\/revisions"}],"wp:featuredmedia":[{"embeddable":true,"href":"http:\/\/enteculturalsantafesino.com.ar\/usina1\/wp-json\/wp\/v2\/media\/14620"}],"wp:attachment":[{"href":"http:\/\/enteculturalsantafesino.com.ar\/usina1\/wp-json\/wp\/v2\/media?parent=14619"}],"wp:term":[{"taxonomy":"category","embeddable":true,"href":"http:\/\/enteculturalsantafesino.com.ar\/usina1\/wp-json\/wp\/v2\/categories?post=14619"},{"taxonomy":"post_tag","embeddable":true,"href":"http:\/\/enteculturalsantafesino.com.ar\/usina1\/wp-json\/wp\/v2\/tags?post=14619"}],"curies":[{"name":"wp","href":"https:\/\/api.w.org\/{rel}","templated":true}]}}