{"id":14622,"date":"2015-03-16T14:33:25","date_gmt":"2015-03-16T14:33:25","guid":{"rendered":"http:\/\/entecultura.com.ar\/usina1\/?p=14622"},"modified":"2015-03-16T14:33:25","modified_gmt":"2015-03-16T14:33:25","slug":"el-trebol-se-desarrollo-musica-en-la-plaza","status":"publish","type":"post","link":"http:\/\/enteculturalsantafesino.com.ar\/usina1\/2015\/03\/el-trebol-se-desarrollo-musica-en-la-plaza\/","title":{"rendered":"El Tr\u00e9bol: Se desarroll\u00f3 \u00abM\u00fasica en la Plaza\u00bb"},"content":{"rendered":"<p>Una vez m\u00e1s, los j\u00f3venes de la ciudad fueron protagonistas brillando en la Plaza San Mart\u00edn. <a href=\"http:\/\/enteculturalsantafesino.com.ar\/usina1\/wp-content\/uploads\/2015\/03\/17755738515506d143274c1.jpg\" rel=\"lightbox[14622]\"><img loading=\"lazy\" decoding=\"async\" class=\"alignright size-medium wp-image-14623\" src=\"http:\/\/enteculturalsantafesino.com.ar\/usina1\/wp-content\/uploads\/2015\/03\/17755738515506d143274c1-300x217.jpg\" alt=\"17755738515506d143274c1\" width=\"300\" height=\"217\" srcset=\"http:\/\/enteculturalsantafesino.com.ar\/usina1\/wp-content\/uploads\/2015\/03\/17755738515506d143274c1-300x217.jpg 300w, http:\/\/enteculturalsantafesino.com.ar\/usina1\/wp-content\/uploads\/2015\/03\/17755738515506d143274c1.jpg 600w\" sizes=\"(max-width: 300px) 100vw, 300px\" \/><\/a><\/p>\n<p>El domingo 15 de marzo, se realiz\u00f3 la primera edici\u00f3n de \u201cLa juventud se muestra\u201d, con propuesta de m\u00fasica, baile, muestras fotogr\u00e1ficas y acrobacia en telas.<\/p>\n<p>En el inicio, un grupo de j\u00f3venes se anim\u00f3 a mostrar los trucos sobre telas que aprendieron durante el taller del 2014. Ante un gran marco de p\u00fablico, subiendo una y otra vez, demostraron su gran esfuerzo y su aprendizaje.<\/p>\n<p>Cerca de las 20 hs, en el escenario del Anfiteatro, la Academia Henry Martin le puso ritmo y baile a la noche.<\/p>\n<p>Posteriormente, comenz\u00f3 la II Edici\u00f3n de M\u00fasica Joven con cuatro bandas locales.<\/p>\n<p><strong>Vamos las bandas!<\/strong><\/p>\n<p>La primera en subir fue Banda XIV. Los chicos interpretaron temas tropicales marcando su impronta juvenil.<\/p>\n<p>\u00abVintage\u00bb, fue el segundo grupo en presentarse. Con m\u00e1s de experiencia que aquella primera vez, hicieron excelentes covers del Rock Nacional.<\/p>\n<p>M\u00e1s tarde, la tercera banda en subir al escenario fue \u201cViejo Karma\u201d, mostrando su potencial a trav\u00e9s del rock.<\/p>\n<p>El cierre estuvo a cargo del la \u201cDepresiva Bipolar\u201d. Los due\u00f1os de los escenarios de este verano le dieron una nueva propuesta a la\u00a0 M\u00fasica Joven, pusieron la m\u00fasica festiva y alegre que los caracteriza.<\/p>\n","protected":false},"excerpt":{"rendered":"<p>Una vez m\u00e1s, los j\u00f3venes de la ciudad fueron protagonistas brillando en la Plaza San Mart\u00edn. El [&hellip;]<\/p>\n","protected":false},"author":3,"featured_media":14623,"comment_status":"closed","ping_status":"closed","sticky":false,"template":"","format":"standard","meta":{"_jetpack_memberships_contains_paid_content":false,"footnotes":"","jetpack_publicize_message":"","jetpack_publicize_feature_enabled":true,"jetpack_social_post_already_shared":true,"jetpack_social_options":{"image_generator_settings":{"template":"highway","enabled":false}}},"categories":[18],"tags":[],"jetpack_publicize_connections":[],"jetpack_sharing_enabled":true,"jetpack_featured_media_url":"http:\/\/enteculturalsantafesino.com.ar\/usina1\/wp-content\/uploads\/2015\/03\/17755738515506d143274c1.jpg","_links":{"self":[{"href":"http:\/\/enteculturalsantafesino.com.ar\/usina1\/wp-json\/wp\/v2\/posts\/14622"}],"collection":[{"href":"http:\/\/enteculturalsantafesino.com.ar\/usina1\/wp-json\/wp\/v2\/posts"}],"about":[{"href":"http:\/\/enteculturalsantafesino.com.ar\/usina1\/wp-json\/wp\/v2\/types\/post"}],"author":[{"embeddable":true,"href":"http:\/\/enteculturalsantafesino.com.ar\/usina1\/wp-json\/wp\/v2\/users\/3"}],"replies":[{"embeddable":true,"href":"http:\/\/enteculturalsantafesino.com.ar\/usina1\/wp-json\/wp\/v2\/comments?post=14622"}],"version-history":[{"count":0,"href":"http:\/\/enteculturalsantafesino.com.ar\/usina1\/wp-json\/wp\/v2\/posts\/14622\/revisions"}],"wp:featuredmedia":[{"embeddable":true,"href":"http:\/\/enteculturalsantafesino.com.ar\/usina1\/wp-json\/wp\/v2\/media\/14623"}],"wp:attachment":[{"href":"http:\/\/enteculturalsantafesino.com.ar\/usina1\/wp-json\/wp\/v2\/media?parent=14622"}],"wp:term":[{"taxonomy":"category","embeddable":true,"href":"http:\/\/enteculturalsantafesino.com.ar\/usina1\/wp-json\/wp\/v2\/categories?post=14622"},{"taxonomy":"post_tag","embeddable":true,"href":"http:\/\/enteculturalsantafesino.com.ar\/usina1\/wp-json\/wp\/v2\/tags?post=14622"}],"curies":[{"name":"wp","href":"https:\/\/api.w.org\/{rel}","templated":true}]}}