{"id":14625,"date":"2015-03-16T21:34:17","date_gmt":"2015-03-16T21:34:17","guid":{"rendered":"http:\/\/entecultura.com.ar\/usina1\/?p=14625"},"modified":"2015-03-16T21:34:17","modified_gmt":"2015-03-16T21:34:17","slug":"segundo-encuentro-de-musica-en-la-plaza-en-bouquet","status":"publish","type":"post","link":"http:\/\/enteculturalsantafesino.com.ar\/usina1\/2015\/03\/segundo-encuentro-de-musica-en-la-plaza-en-bouquet\/","title":{"rendered":"Segundo encuentro de \u00abM\u00fasica en la Plaza\u00bb en Bouquet"},"content":{"rendered":"<p>El pasado <strong>domingo 15 de marzo<\/strong>, se llev\u00f3 a cabo el segundo encuentro<a href=\"http:\/\/enteculturalsantafesino.com.ar\/usina1\/wp-content\/uploads\/2015\/03\/10407988_926422180725385_1692659692684979771_n.jpg\" rel=\"lightbox[14625]\"><img loading=\"lazy\" decoding=\"async\" class=\"alignright size-medium wp-image-14626\" src=\"http:\/\/enteculturalsantafesino.com.ar\/usina1\/wp-content\/uploads\/2015\/03\/10407988_926422180725385_1692659692684979771_n-300x204.jpg\" alt=\"10407988_926422180725385_1692659692684979771_n\" width=\"300\" height=\"204\" srcset=\"http:\/\/enteculturalsantafesino.com.ar\/usina1\/wp-content\/uploads\/2015\/03\/10407988_926422180725385_1692659692684979771_n-300x204.jpg 300w, http:\/\/enteculturalsantafesino.com.ar\/usina1\/wp-content\/uploads\/2015\/03\/10407988_926422180725385_1692659692684979771_n.jpg 471w\" sizes=\"(max-width: 300px) 100vw, 300px\" \/><\/a><\/p>\n<p>de <strong>M\u00fasica en la Plaza<\/strong>, organizado por la <strong>Secretar\u00eda de Cultura de la Comuna de Bouquet.<\/strong><\/p>\n<p>En esta ocasi\u00f3n, se cont\u00f3 con la presencia de <strong>Raimundo<\/strong>, banda de rock de la ciudad de Ca\u00f1ada de G\u00f3mez que realizaron un recorrido por la historia del rock; <strong>Los Hermanos Batalla<\/strong>, de la localidad de Tortugas, que cantaron m\u00fasica folcl\u00f3rica e hicieron que el p\u00fablico haga palmas y los acompa\u00f1e y un gran cierre, de la mano de <span class=\"text_exposed_show\"><strong>Relax-Tributo a Virus<\/strong>, tambi\u00e9n de la ciudad de Ca\u00f1ada de G\u00f3mez; ellos rememoraron la m\u00edstica de los a\u00f1os 80, cantando las canciones de sus \u00eddolos y el p\u00fablico tambi\u00e9n cant\u00f3 con ellos. La conducci\u00f3n, estuvo a cargo de <strong>Mar\u00eda Laura Marchetti.<\/strong><br \/>\nUna noche a plena m\u00fasica,donde nuestra plaza se visti\u00f3 de gala y un gran n\u00famero de espectadores, se llegaron a disfrutar de esta hermosa velada.<br \/>\nAgradecemos a cada una de las personas que trabajaron para que esto se pueda llevar a cabo.<\/span><\/p>\n","protected":false},"excerpt":{"rendered":"<p>El pasado domingo 15 de marzo, se llev\u00f3 a cabo el segundo encuentro de M\u00fasica en la [&hellip;]<\/p>\n","protected":false},"author":3,"featured_media":14626,"comment_status":"closed","ping_status":"closed","sticky":false,"template":"","format":"standard","meta":{"_jetpack_memberships_contains_paid_content":false,"footnotes":"","jetpack_publicize_message":"","jetpack_publicize_feature_enabled":true,"jetpack_social_post_already_shared":true,"jetpack_social_options":{"image_generator_settings":{"template":"highway","enabled":false}}},"categories":[25],"tags":[],"jetpack_publicize_connections":[],"jetpack_sharing_enabled":true,"jetpack_featured_media_url":"http:\/\/enteculturalsantafesino.com.ar\/usina1\/wp-content\/uploads\/2015\/03\/10407988_926422180725385_1692659692684979771_n.jpg","_links":{"self":[{"href":"http:\/\/enteculturalsantafesino.com.ar\/usina1\/wp-json\/wp\/v2\/posts\/14625"}],"collection":[{"href":"http:\/\/enteculturalsantafesino.com.ar\/usina1\/wp-json\/wp\/v2\/posts"}],"about":[{"href":"http:\/\/enteculturalsantafesino.com.ar\/usina1\/wp-json\/wp\/v2\/types\/post"}],"author":[{"embeddable":true,"href":"http:\/\/enteculturalsantafesino.com.ar\/usina1\/wp-json\/wp\/v2\/users\/3"}],"replies":[{"embeddable":true,"href":"http:\/\/enteculturalsantafesino.com.ar\/usina1\/wp-json\/wp\/v2\/comments?post=14625"}],"version-history":[{"count":0,"href":"http:\/\/enteculturalsantafesino.com.ar\/usina1\/wp-json\/wp\/v2\/posts\/14625\/revisions"}],"wp:featuredmedia":[{"embeddable":true,"href":"http:\/\/enteculturalsantafesino.com.ar\/usina1\/wp-json\/wp\/v2\/media\/14626"}],"wp:attachment":[{"href":"http:\/\/enteculturalsantafesino.com.ar\/usina1\/wp-json\/wp\/v2\/media?parent=14625"}],"wp:term":[{"taxonomy":"category","embeddable":true,"href":"http:\/\/enteculturalsantafesino.com.ar\/usina1\/wp-json\/wp\/v2\/categories?post=14625"},{"taxonomy":"post_tag","embeddable":true,"href":"http:\/\/enteculturalsantafesino.com.ar\/usina1\/wp-json\/wp\/v2\/tags?post=14625"}],"curies":[{"name":"wp","href":"https:\/\/api.w.org\/{rel}","templated":true}]}}