{"id":16854,"date":"2016-08-09T15:41:49","date_gmt":"2016-08-09T15:41:49","guid":{"rendered":"http:\/\/entecultura.com.ar\/usina1\/?p=16854"},"modified":"2016-08-09T15:41:49","modified_gmt":"2016-08-09T15:41:49","slug":"san-jorge-intervenciones-en-la-casa-2","status":"publish","type":"post","link":"http:\/\/enteculturalsantafesino.com.ar\/usina1\/2016\/08\/san-jorge-intervenciones-en-la-casa-2\/","title":{"rendered":"San Jorge: \u00abIntervenciones en la Casa 2\u00bb"},"content":{"rendered":"\n\t\t<style type=\"text\/css\">\n\t\t\t#gallery-1 {\n\t\t\t\tmargin: auto;\n\t\t\t}\n\t\t\t#gallery-1 .gallery-item {\n\t\t\t\tfloat: left;\n\t\t\t\tmargin-top: 10px;\n\t\t\t\ttext-align: center;\n\t\t\t\twidth: 25%;\n\t\t\t}\n\t\t\t#gallery-1 img {\n\t\t\t\tborder: 2px solid #cfcfcf;\n\t\t\t}\n\t\t\t#gallery-1 .gallery-caption {\n\t\t\t\tmargin-left: 0;\n\t\t\t}\n\t\t\t\/* see gallery_shortcode() in wp-includes\/media.php *\/\n\t\t<\/style>\n\t\t<div id='gallery-1' class='gallery galleryid-16854 gallery-columns-4 gallery-size-thumbnail'><dl class='gallery-item'>\n\t\t\t<dt class='gallery-icon landscape'>\n\t\t\t\t<a href='http:\/\/enteculturalsantafesino.com.ar\/usina1\/2016\/08\/san-jorge-intervenciones-en-la-casa-2\/13895265_1273286799349286_8313043653056266216_n\/'><img loading=\"lazy\" decoding=\"async\" width=\"150\" height=\"150\" src=\"http:\/\/enteculturalsantafesino.com.ar\/usina1\/wp-content\/uploads\/2016\/08\/13895265_1273286799349286_8313043653056266216_n-150x150.jpg\" class=\"attachment-thumbnail size-thumbnail\" alt=\"\" srcset=\"http:\/\/enteculturalsantafesino.com.ar\/usina1\/wp-content\/uploads\/2016\/08\/13895265_1273286799349286_8313043653056266216_n-150x150.jpg 150w, http:\/\/enteculturalsantafesino.com.ar\/usina1\/wp-content\/uploads\/2016\/08\/13895265_1273286799349286_8313043653056266216_n-53x53.jpg 53w\" sizes=\"(max-width: 150px) 100vw, 150px\" \/><\/a>\n\t\t\t<\/dt><\/dl><dl class='gallery-item'>\n\t\t\t<dt class='gallery-icon landscape'>\n\t\t\t\t<a href='http:\/\/enteculturalsantafesino.com.ar\/usina1\/2016\/08\/san-jorge-intervenciones-en-la-casa-2\/13938553_1273288156015817_6445173091753578736_n\/'><img loading=\"lazy\" decoding=\"async\" width=\"150\" height=\"150\" src=\"http:\/\/enteculturalsantafesino.com.ar\/usina1\/wp-content\/uploads\/2016\/08\/13938553_1273288156015817_6445173091753578736_n-150x150.jpg\" class=\"attachment-thumbnail size-thumbnail\" alt=\"\" srcset=\"http:\/\/enteculturalsantafesino.com.ar\/usina1\/wp-content\/uploads\/2016\/08\/13938553_1273288156015817_6445173091753578736_n-150x150.jpg 150w, http:\/\/enteculturalsantafesino.com.ar\/usina1\/wp-content\/uploads\/2016\/08\/13938553_1273288156015817_6445173091753578736_n-53x53.jpg 53w\" sizes=\"(max-width: 150px) 100vw, 150px\" \/><\/a>\n\t\t\t<\/dt><\/dl><dl class='gallery-item'>\n\t\t\t<dt class='gallery-icon portrait'>\n\t\t\t\t<a href='http:\/\/enteculturalsantafesino.com.ar\/usina1\/2016\/08\/san-jorge-intervenciones-en-la-casa-2\/13880159_1273293559348610_2268376521276645900_n\/'><img loading=\"lazy\" decoding=\"async\" width=\"150\" height=\"150\" src=\"http:\/\/enteculturalsantafesino.com.ar\/usina1\/wp-content\/uploads\/2016\/08\/13880159_1273293559348610_2268376521276645900_n-150x150.jpg\" class=\"attachment-thumbnail size-thumbnail\" alt=\"\" srcset=\"http:\/\/enteculturalsantafesino.com.ar\/usina1\/wp-content\/uploads\/2016\/08\/13880159_1273293559348610_2268376521276645900_n-150x150.jpg 150w, http:\/\/enteculturalsantafesino.com.ar\/usina1\/wp-content\/uploads\/2016\/08\/13880159_1273293559348610_2268376521276645900_n-53x53.jpg 53w\" sizes=\"(max-width: 150px) 100vw, 150px\" \/><\/a>\n\t\t\t<\/dt><\/dl><dl class='gallery-item'>\n\t\t\t<dt class='gallery-icon landscape'>\n\t\t\t\t<a href='http:\/\/enteculturalsantafesino.com.ar\/usina1\/2016\/08\/san-jorge-intervenciones-en-la-casa-2\/13912342_1273293532681946_1401274706498832362_n\/'><img loading=\"lazy\" decoding=\"async\" width=\"150\" height=\"150\" src=\"http:\/\/enteculturalsantafesino.com.ar\/usina1\/wp-content\/uploads\/2016\/08\/13912342_1273293532681946_1401274706498832362_n-150x150.jpg\" class=\"attachment-thumbnail size-thumbnail\" alt=\"\" srcset=\"http:\/\/enteculturalsantafesino.com.ar\/usina1\/wp-content\/uploads\/2016\/08\/13912342_1273293532681946_1401274706498832362_n-150x150.jpg 150w, http:\/\/enteculturalsantafesino.com.ar\/usina1\/wp-content\/uploads\/2016\/08\/13912342_1273293532681946_1401274706498832362_n-53x53.jpg 53w\" sizes=\"(max-width: 150px) 100vw, 150px\" \/><\/a>\n\t\t\t<\/dt><\/dl><br style=\"clear: both\" \/>\n\t\t<\/div>\n\n<p>Se realiz\u00f3 el viernes 5 la segunda edici\u00f3n de <strong>\u00abIntervenciones en la Casa\u00bb<\/strong>.<\/p>\n<p>En esta ocasi\u00f3n el artista local Hugo Tini present\u00f3 \u00abM\u00fasica en las rocas\u00bb (Arte en piedra) y el bonaerense Nicol\u00e1s Federici \u00abEsencialismo\u00bb (pintura en lienzo). Curadora: Lic. Georgina Ieraci. \u00abBanda viajera\u00bb fue la encargada de ponerle melod\u00edas y canciones al evento y \u00abVinos con Historia\u00bb realiz\u00f3 una exquisita degustaci\u00f3n.<\/p>\n<p>Con la presencia de un p\u00fablico numeroso y \u00e1vido de las diferentes y originales propuestas que la Subsecretar\u00eda de Cultura local a cargo de la <strong>Prof. Patricia Ambrosioni, del Director Lic. Mart\u00edn Fraire<\/strong> y equipo presentan continuamente, junto a los medios de comunicaci\u00f3n locales.<\/p>\n","protected":false},"excerpt":{"rendered":"<p>Se realiz\u00f3 el viernes 5 la segunda edici\u00f3n de \u00abIntervenciones en la Casa\u00bb. En esta ocasi\u00f3n el [&hellip;]<\/p>\n","protected":false},"author":3,"featured_media":16855,"comment_status":"closed","ping_status":"closed","sticky":false,"template":"","format":"standard","meta":{"_jetpack_memberships_contains_paid_content":false,"footnotes":"","jetpack_publicize_message":"","jetpack_publicize_feature_enabled":true,"jetpack_social_post_already_shared":true,"jetpack_social_options":{"image_generator_settings":{"template":"highway","enabled":false}}},"categories":[16],"tags":[],"jetpack_publicize_connections":[],"jetpack_sharing_enabled":true,"jetpack_featured_media_url":"http:\/\/enteculturalsantafesino.com.ar\/usina1\/wp-content\/uploads\/2016\/08\/13880159_1273293559348610_2268376521276645900_n.jpg","_links":{"self":[{"href":"http:\/\/enteculturalsantafesino.com.ar\/usina1\/wp-json\/wp\/v2\/posts\/16854"}],"collection":[{"href":"http:\/\/enteculturalsantafesino.com.ar\/usina1\/wp-json\/wp\/v2\/posts"}],"about":[{"href":"http:\/\/enteculturalsantafesino.com.ar\/usina1\/wp-json\/wp\/v2\/types\/post"}],"author":[{"embeddable":true,"href":"http:\/\/enteculturalsantafesino.com.ar\/usina1\/wp-json\/wp\/v2\/users\/3"}],"replies":[{"embeddable":true,"href":"http:\/\/enteculturalsantafesino.com.ar\/usina1\/wp-json\/wp\/v2\/comments?post=16854"}],"version-history":[{"count":0,"href":"http:\/\/enteculturalsantafesino.com.ar\/usina1\/wp-json\/wp\/v2\/posts\/16854\/revisions"}],"wp:featuredmedia":[{"embeddable":true,"href":"http:\/\/enteculturalsantafesino.com.ar\/usina1\/wp-json\/wp\/v2\/media\/16855"}],"wp:attachment":[{"href":"http:\/\/enteculturalsantafesino.com.ar\/usina1\/wp-json\/wp\/v2\/media?parent=16854"}],"wp:term":[{"taxonomy":"category","embeddable":true,"href":"http:\/\/enteculturalsantafesino.com.ar\/usina1\/wp-json\/wp\/v2\/categories?post=16854"},{"taxonomy":"post_tag","embeddable":true,"href":"http:\/\/enteculturalsantafesino.com.ar\/usina1\/wp-json\/wp\/v2\/tags?post=16854"}],"curies":[{"name":"wp","href":"https:\/\/api.w.org\/{rel}","templated":true}]}}