{"id":16860,"date":"2016-08-09T15:52:53","date_gmt":"2016-08-09T15:52:53","guid":{"rendered":"http:\/\/entecultura.com.ar\/usina1\/?p=16860"},"modified":"2016-08-09T15:52:53","modified_gmt":"2016-08-09T15:52:53","slug":"carlos-negro-aguirre-en-sastre","status":"publish","type":"post","link":"http:\/\/enteculturalsantafesino.com.ar\/usina1\/2016\/08\/carlos-negro-aguirre-en-sastre\/","title":{"rendered":"Carlos \u201cNegro\u2019\u2019 Aguirre en Sastre"},"content":{"rendered":"<blockquote><p>El talentoso m\u00fasico se presentar\u00e1 el 12 de agosto en \u201cEl Desarmadero\u201d cultural. Ser\u00e1n dos funciones en formato de \u201cSolo Set\u201d. La propuesta musical vincula su voz y el piano.<\/p><\/blockquote>\n<p>El compositor, arreglador y pianista entrerriano Carlos \u201cNegro\u2019\u2019 Aguirre llegar\u00e1 a Sastre con una propuesta musical en formato de Solo Set. En esta ocasi\u00f3n, ofrecer\u00e1 una retrospectiva de su obra con la clave intimista que propone el v\u00ednculo de piano y voz.<\/p>\n<p>El reconocido artista se presentar\u00e1 el pr\u00f3ximo s\u00e1bado 12 de agosto en el espacio cultural \u201cEl Desarmadero\u201d, en una doble funci\u00f3n programada para las 21 y 23 horas. El m\u00fasico ofrecer\u00e1 un recorrido por su trabajo, tanto en su faz de compositor como en la de arreglador. Canciones y temas instrumentales de diferentes etapas creativas, alternar\u00e1n con versiones de obras del cancionero popular argentino, en versi\u00f3n solista.<\/p>\n<p>El \u201cNegro\u201d Aguirre es considerado uno de los creadores m\u00e1s originales de la actual m\u00fasica argentina. Gestor de una obra nacida al abrigo del folclore argentino y latinoamericano como marca identitaria, no lo entiende como un pensamiento anquilosado, sino como una expresi\u00f3n din\u00e1mica, amplia y cambiante.<\/p>\n<p>Sus composiciones abarcan desde la canci\u00f3n hasta un profundo desarrollo de la m\u00fasica instrumental, con una atm\u00f3sfera camar\u00edstica, una exquisitez t\u00e9cnica propia de la formaci\u00f3n cl\u00e1sica en el piano y recursos provenientes de m\u00fasicas populares como el jazz y los sonidos de Latinoam\u00e9rica.<\/p>\n<p>Su trabajo como compositor e int\u00e9rprete de su propia obra, es respetado y valorado tambi\u00e9n fuera de las fronteras del pa\u00eds. Con 30 a\u00f1os en este camino art\u00edstico, Aguirre encuentra que \u00abla posibilidad de dialogar con la m\u00fasica es una oportunidad concreta de aprendizaje. Es una puerta que se abre en cada viaje y con cada v\u00ednculo que nace\u2019\u2019. Precisamente, a fines de 2010 concret\u00f3 su primera visita a Oriente, donde present\u00f3 su m\u00fasica en distintos escenarios de Jap\u00f3n y China, a prop\u00f3sito de la edici\u00f3n oriental de su primer compacto en grupo, \u00abCrema\u00bb. Y en mayo de 2013 recorri\u00f3 8 ciudades japonesas, en el marco de su segunda gira, tras haberse editado en el mercado nip\u00f3n su m\u00e1s reciente producci\u00f3n discogr\u00e1fica, \u201cOrillania\u2019\u2019 (Shagrada Medra, 2012). Para 2016 prepara una nueva visita a Jap\u00f3n.<\/p>\n<p>En mayo de 2015, ofreci\u00f3 5 conciertos en el Spoleto Festival USA, de Charleston, el encuentro art\u00edstico m\u00e1s prestigioso de Estados Unidos, con notable repercusi\u00f3n en la cr\u00edtica especializada.<\/p>\n<p>El resultado de todos estos a\u00f1os de vivencias con notables m\u00fasicos argentinos, chilenos, uruguayos, brasile\u00f1os y de lejanas latitudes del mundo, ha decantado en un paisaje \u00edntimoque Carlos Aguirre supo plasmar en un particular lenguaje propio. Esa mirada se traduce en su trabajo solista, como pianista, compositor y arreglador, pero adem\u00e1s se expande en la experiencia colectiva con otros artistas y junto a su grupo.<\/p>\n<p>Como solista, Aguirre profundiza su relaci\u00f3n con el piano, el instrumento que signific\u00f3 su primera conexi\u00f3n con la m\u00fasica y que dej\u00f3 plasmado en su disco \u00abCaminos\u00bb (piano solo, Shagrada Medra, 2007). Las piezas de esa obra discogr\u00e1fica revelan sus distintas facetas, que van desde la rigurosidad t\u00e9cnica a partir de una formaci\u00f3n cl\u00e1sica en el instrumento, hasta la liberad de la improvisaci\u00f3n propia de m\u00fasicas populares como el jazz.<\/p>\n<p>En su dedicaci\u00f3n a la composici\u00f3n ha explorado la forma de la canci\u00f3n, lo que deriv\u00f3 en numerosas obras que dej\u00f3 registradas en los tres discos junto al Carlos Aguirre Grupo (\u00abCrema\u00bb, \u00abRojo\u00bb y \u00abVioleta\u00bb) y en el m\u00e1s reciente \u201cOrillania\u2019\u2019, un trabajo discogr\u00e1fico que re\u00fane un grupo de canciones basadas en ritmos latinoamericanos (todos editados a trav\u00e9s de su propio sello independiente, Shagrada Medra). Algunas de estas composiciones son recreadas a trav\u00e9s de versiones minimalistas en cada presentaci\u00f3n como solista. Otras de ellas est\u00e1n siendo interpretadas con arreglos orquestales por elencos grupales como la Orquesta Sinf\u00f3nica de la Provincia de Entre R\u00edos (Argentina) y la Orquesta Sinf\u00f3nica del Sodre (Montevideo, Uruguay).<\/p>\n<p><em><strong>B\u00fasqueda Constante<\/strong><\/em><\/p>\n<p>\u00abEn un momento se instaur\u00f3 en m\u00ed una necesidad de b\u00fasqueda muy intensa que nunca me abandon\u00f3. Por eso para m\u00ed la \u00fanica certeza que tengo en el sentido musical, es que estoy en una b\u00fasqueda constante\u00bb, define Carlos Aguirre.<\/p>\n<p>En esta etapa del camino, se encuentra recuperando un espacio para el trabajo solista, con un repertorio de canciones y obras instrumentales con las que busca recrear la figura del \u201csolista\u2019\u2019, en tanto compositor y\/o cantautor que dialoga con su instrumento (en este caso, piano), sin reducirlo a la funci\u00f3n de instrumento de acompa\u00f1amiento.<\/p>\n<p>Con este formato \u2013que desarrolla simult\u00e1neamente a sus proyectos grupales, Carlos Aguirre Grupo y Carlos Agurre Tr\u00edo- se viene presentando en distintos escenarios argentinos y en giras por Uruguay y Chile.<\/p>\n<p><em><strong>Trayectoria<\/strong><\/em><\/p>\n<p>Tras haber compartido prol\u00edficas obras musicales como pianista junto a artistas como Lucho Gonz\u00e1lez, Luis Salinas, Quique Sinesi y Silvia Iriondo, entre otros, Carlos Aguirre comenz\u00f3 a vincularse con la canci\u00f3n a trav\u00e9s de su labor como arreglador de cantantes argentinos, peruanos y chilenos. De esta relaci\u00f3n con la m\u00fasica cantada y la literatura surgieron canciones que quedaron registradas en tres discos con su grupo, trabajos que tienen como caracter\u00edstica una minuciosa elaboraci\u00f3n de impronta artesanal y un exquisito sonido camar\u00edstico. En ese contexto, su relaci\u00f3n con el eximio guitarrista entrerriano Eduardo Isaac le aport\u00f3 el lenguaje universal del instrumento y, desde esa experiencia, escribi\u00f3 obras para las seis cuerdas y la recientemente estrenada \u201cEscenas paranaenses\u2019\u2019, una suite para guitarra, percusi\u00f3n y orquesta.<\/p>\n<p>La composici\u00f3n lo ha llevado a explorar distintas formaciones para liberar su m\u00fasica, entre las cuales se cuentan d\u00faos con Jorge Fandermole, Juan Quintero, Francesca Ancarola y Hugo Fattoruso, entre otros. Y presentaciones junto a referentes de la m\u00fasica universal, como Egberto Gismonti, Hermeto Pascoal y Mario Laginha, entre otros.<\/p>\n<p>\u201cPara m\u00ed la m\u00fasica es resultado de un pensamiento. Y el pensamiento se construye con un mont\u00f3n de patas que arman los conceptos que uno sintetiza en lo que hace -expresa Aguirre-. Mi m\u00fasica es la lectura de un lugar, pero es la traducci\u00f3n de un mundo interior que est\u00e1 atravesado por muchas cosas: por la realidad m\u00e1s cercana, por realidades distantes y por un buen porcentaje de fantas\u00eda. Si uno piensa en un mundo ideal, en el mundo que uno quisiera habitar -y lo trabaja- va dando lugar a la gestaci\u00f3n de un paisaje interno frondoso. Ese paisaje es el que vas trabajando a medida que desarrollas un trabajo creativo como componer una canci\u00f3n, una m\u00fasica. Por eso para m\u00ed es muy grato alimentar mi mundo con el mundo de otros creadores, con quienes disfruto y crezco en cada encuentro\u2019\u2019.<\/p>\n<p><strong>fuente: InfoSastre<\/strong><\/p>\n","protected":false},"excerpt":{"rendered":"<p>El talentoso m\u00fasico se presentar\u00e1 el 12 de agosto en \u201cEl Desarmadero\u201d cultural. Ser\u00e1n dos funciones en [&hellip;]<\/p>\n","protected":false},"author":3,"featured_media":16861,"comment_status":"closed","ping_status":"closed","sticky":false,"template":"","format":"standard","meta":{"_jetpack_memberships_contains_paid_content":false,"footnotes":"","jetpack_publicize_message":"","jetpack_publicize_feature_enabled":true,"jetpack_social_post_already_shared":true,"jetpack_social_options":{"image_generator_settings":{"template":"highway","enabled":false}}},"categories":[1],"tags":[],"jetpack_publicize_connections":[],"jetpack_sharing_enabled":true,"jetpack_featured_media_url":"http:\/\/enteculturalsantafesino.com.ar\/usina1\/wp-content\/uploads\/2016\/08\/CAguirreDesarmadero.jpg","_links":{"self":[{"href":"http:\/\/enteculturalsantafesino.com.ar\/usina1\/wp-json\/wp\/v2\/posts\/16860"}],"collection":[{"href":"http:\/\/enteculturalsantafesino.com.ar\/usina1\/wp-json\/wp\/v2\/posts"}],"about":[{"href":"http:\/\/enteculturalsantafesino.com.ar\/usina1\/wp-json\/wp\/v2\/types\/post"}],"author":[{"embeddable":true,"href":"http:\/\/enteculturalsantafesino.com.ar\/usina1\/wp-json\/wp\/v2\/users\/3"}],"replies":[{"embeddable":true,"href":"http:\/\/enteculturalsantafesino.com.ar\/usina1\/wp-json\/wp\/v2\/comments?post=16860"}],"version-history":[{"count":0,"href":"http:\/\/enteculturalsantafesino.com.ar\/usina1\/wp-json\/wp\/v2\/posts\/16860\/revisions"}],"wp:featuredmedia":[{"embeddable":true,"href":"http:\/\/enteculturalsantafesino.com.ar\/usina1\/wp-json\/wp\/v2\/media\/16861"}],"wp:attachment":[{"href":"http:\/\/enteculturalsantafesino.com.ar\/usina1\/wp-json\/wp\/v2\/media?parent=16860"}],"wp:term":[{"taxonomy":"category","embeddable":true,"href":"http:\/\/enteculturalsantafesino.com.ar\/usina1\/wp-json\/wp\/v2\/categories?post=16860"},{"taxonomy":"post_tag","embeddable":true,"href":"http:\/\/enteculturalsantafesino.com.ar\/usina1\/wp-json\/wp\/v2\/tags?post=16860"}],"curies":[{"name":"wp","href":"https:\/\/api.w.org\/{rel}","templated":true}]}}