{"id":16911,"date":"2016-08-27T23:24:24","date_gmt":"2016-08-27T23:24:24","guid":{"rendered":"http:\/\/entecultura.com.ar\/usina1\/?p=16911"},"modified":"2016-08-27T23:24:24","modified_gmt":"2016-08-27T23:24:24","slug":"sastre-vecinos-proponen-denominar-al-acceso-principal-maestro-olindo-strada","status":"publish","type":"post","link":"http:\/\/enteculturalsantafesino.com.ar\/usina1\/2016\/08\/sastre-vecinos-proponen-denominar-al-acceso-principal-maestro-olindo-strada\/","title":{"rendered":"Sastre: Vecinos proponen denominar al acceso principal \u201cMaestro Olindo Strada\u201d"},"content":{"rendered":"<p>Un grupo de vecinos autoconvocados inici\u00f3 una campa\u00f1a para modificar el nombre del bulevar del acceso principal a la ciudad de Sastre \u201cEva Duarte de Per\u00f3n\u201d por \u201cMaestro Olindo C. Strada\u201d.<\/p>\n<p>La movida comenz\u00f3 hace unas semanas en las redes sociales, r\u00e1pidamente se populariz\u00f3 y sum\u00f3 ciento de adhesiones en pocos d\u00edas. Ahora, la iniciativa se formaliz\u00f3 este viernes con la puesta en marcha de un plan para recolectar firmas que ser\u00e1n presentadas con un petitorio en el Honorable Concejo Municipal, cuando vuelva a funcionar.<\/p>\n<p>Las planillas ya est\u00e1n disponibles en los diferentes comercios de la ciudad y a trav\u00e9s de los integrantes del grupo que impuls\u00f3 la propuesta, Mar\u00eda Ang\u00e9lica Forzani, Alicia Frandino y Carlos Sargiotti. Tambi\u00e9n se pueden solicitar en el <a href=\"https:\/\/www.facebook.com\/Denominemos-al-acceso-principal-Maestro-Olindo-C-Strada-1227336893974159\/?fref=ts\" target=\"_blank\">Fan Page de Facebook<\/a>. C\u00f3mo \u00fanico requisito para firmar son ser mayor de 10 a\u00f1os y tener domicilio en la ciudad, seg\u00fan informaron.<\/p>\n<p>\u201cNo desconocemos la trayectoria de Eva Duarte de Per\u00f3n, pero creemos que hubiera sido mucho m\u00e1s enriquecedor haber debatido, la denominaci\u00f3n de Olindo Strada, entre nombre de personas que tuvieran una destacada trayectoria en la vida de la nuestra ciudad\u201d, manifestaron en un comunicado en el que destacaron: \u201cestamos convencidos que ser\u00e1 un acto de justicia y reconocimiento a quien tanto ha dado para nuestra ciudad\u201d.<\/p>\n<p>El gran maestro de m\u00fasica Olindo Strada, quien falleci\u00f3 a los 84 a\u00f1os el 20 de junio de 2013, fue homenajeado en vida por la gesti\u00f3n de Rosaldo Gardella, quien dispuso a fines de 2011,que la sala principal del Liceo Municipal lleve su nombre.<\/p>\n<p>Para lograr el objetivo es necesario que el Concejo modifique la Ordenanza N\u00ba 1023\/15, aprobada el 2 de julio de 2015. El nombre ganador en la votaci\u00f3n fue \u201cEva Duarte de Per\u00f3n\u201d, promovido por el bloque justicialista conformado por Paola Lemos, Daniel Garc\u00eda y Matias Reccia.<\/p>\n<p>Al momento de la elecci\u00f3n hab\u00eda otras tres propuestas: \u201cDomingo Per\u00f3n\u201d (Ejecutivo), \u201cJuan Carlos Galliano\u201d (Brunazzo-Galliano) y \u201cAvenida de la Mujer\u201d (Gim\u00e9nez).<\/p>\n<p>La remodelaci\u00f3n integral del acceso principal se inici\u00f3 el 9 de septiembre de 2013 e incluy\u00f3 trabajos de pavimentaci\u00f3n e iluminaci\u00f3n. El 24 de enero de 2014 se autoriz\u00f3 la circulaci\u00f3n vehicular parcialmente sobre la calzada norte y el 13 de febrero se habilit\u00f3 totalmente al tr\u00e1nsito, con limitaciones para camiones.<\/p>\n<p>El plan de obras incluy\u00f3 la construcci\u00f3n de una senda peatonal y una rotonda, la instalaci\u00f3n de luminarias, parquizaci\u00f3n y trabajos de desag\u00fce pluvial.<\/p>\n","protected":false},"excerpt":{"rendered":"<p>Un grupo de vecinos autoconvocados inici\u00f3 una campa\u00f1a para modificar el nombre del bulevar del acceso principal [&hellip;]<\/p>\n","protected":false},"author":3,"featured_media":16912,"comment_status":"closed","ping_status":"closed","sticky":false,"template":"","format":"standard","meta":{"_jetpack_memberships_contains_paid_content":false,"footnotes":"","jetpack_publicize_message":"","jetpack_publicize_feature_enabled":true,"jetpack_social_post_already_shared":true,"jetpack_social_options":{"image_generator_settings":{"template":"highway","enabled":false}}},"categories":[22],"tags":[],"jetpack_publicize_connections":[],"jetpack_sharing_enabled":true,"jetpack_featured_media_url":"http:\/\/enteculturalsantafesino.com.ar\/usina1\/wp-content\/uploads\/2016\/08\/Sastre-Acceso-Olindo4.jpg","_links":{"self":[{"href":"http:\/\/enteculturalsantafesino.com.ar\/usina1\/wp-json\/wp\/v2\/posts\/16911"}],"collection":[{"href":"http:\/\/enteculturalsantafesino.com.ar\/usina1\/wp-json\/wp\/v2\/posts"}],"about":[{"href":"http:\/\/enteculturalsantafesino.com.ar\/usina1\/wp-json\/wp\/v2\/types\/post"}],"author":[{"embeddable":true,"href":"http:\/\/enteculturalsantafesino.com.ar\/usina1\/wp-json\/wp\/v2\/users\/3"}],"replies":[{"embeddable":true,"href":"http:\/\/enteculturalsantafesino.com.ar\/usina1\/wp-json\/wp\/v2\/comments?post=16911"}],"version-history":[{"count":0,"href":"http:\/\/enteculturalsantafesino.com.ar\/usina1\/wp-json\/wp\/v2\/posts\/16911\/revisions"}],"wp:featuredmedia":[{"embeddable":true,"href":"http:\/\/enteculturalsantafesino.com.ar\/usina1\/wp-json\/wp\/v2\/media\/16912"}],"wp:attachment":[{"href":"http:\/\/enteculturalsantafesino.com.ar\/usina1\/wp-json\/wp\/v2\/media?parent=16911"}],"wp:term":[{"taxonomy":"category","embeddable":true,"href":"http:\/\/enteculturalsantafesino.com.ar\/usina1\/wp-json\/wp\/v2\/categories?post=16911"},{"taxonomy":"post_tag","embeddable":true,"href":"http:\/\/enteculturalsantafesino.com.ar\/usina1\/wp-json\/wp\/v2\/tags?post=16911"}],"curies":[{"name":"wp","href":"https:\/\/api.w.org\/{rel}","templated":true}]}}