{"id":17345,"date":"2016-12-27T21:45:57","date_gmt":"2016-12-27T21:45:57","guid":{"rendered":"http:\/\/entecultura.com.ar\/usina1\/?p=17345"},"modified":"2016-12-27T21:45:57","modified_gmt":"2016-12-27T21:45:57","slug":"el-baile-vuelve-a-copar-la-ciudad-de-el-trebol","status":"publish","type":"post","link":"http:\/\/enteculturalsantafesino.com.ar\/usina1\/2016\/12\/el-baile-vuelve-a-copar-la-ciudad-de-el-trebol\/","title":{"rendered":"El Baile vuelve a copar la ciudad de El Tr\u00e9bol"},"content":{"rendered":"<p>Al igual que el a\u00f1o pasado, se realizar\u00e1 taller gratuito de baile destinado a toda la ciudadan\u00eda. Durante esta semana estar\u00e1n abiertas las inscripciones de 8 a 12 hs en Direcci\u00f3n de Juventud y Participaci\u00f3n Ciudadana -Centro C\u00edvico-.<\/p>\n<p>Se ense\u00f1ar\u00e1n distintos ritmos, siendo el \u00fanico requisito ser mayor de 13 a\u00f1os. Comienza el lunes 02 de enero en el Play\u00f3n Deportivo del Predio Ecol\u00f3gico.<\/p>\n","protected":false},"excerpt":{"rendered":"<p>Al igual que el a\u00f1o pasado, se realizar\u00e1 taller gratuito de baile destinado a toda la ciudadan\u00eda. [&hellip;]<\/p>\n","protected":false},"author":3,"featured_media":17346,"comment_status":"closed","ping_status":"closed","sticky":false,"template":"","format":"standard","meta":{"_jetpack_memberships_contains_paid_content":false,"footnotes":"","jetpack_publicize_message":"","jetpack_publicize_feature_enabled":true,"jetpack_social_post_already_shared":true,"jetpack_social_options":{"image_generator_settings":{"template":"highway","enabled":false}}},"categories":[18],"tags":[],"jetpack_publicize_connections":[],"jetpack_sharing_enabled":true,"jetpack_featured_media_url":"http:\/\/enteculturalsantafesino.com.ar\/usina1\/wp-content\/uploads\/2016\/12\/15698262_1405100729524498_6251707731410826222_n.jpg","_links":{"self":[{"href":"http:\/\/enteculturalsantafesino.com.ar\/usina1\/wp-json\/wp\/v2\/posts\/17345"}],"collection":[{"href":"http:\/\/enteculturalsantafesino.com.ar\/usina1\/wp-json\/wp\/v2\/posts"}],"about":[{"href":"http:\/\/enteculturalsantafesino.com.ar\/usina1\/wp-json\/wp\/v2\/types\/post"}],"author":[{"embeddable":true,"href":"http:\/\/enteculturalsantafesino.com.ar\/usina1\/wp-json\/wp\/v2\/users\/3"}],"replies":[{"embeddable":true,"href":"http:\/\/enteculturalsantafesino.com.ar\/usina1\/wp-json\/wp\/v2\/comments?post=17345"}],"version-history":[{"count":0,"href":"http:\/\/enteculturalsantafesino.com.ar\/usina1\/wp-json\/wp\/v2\/posts\/17345\/revisions"}],"wp:featuredmedia":[{"embeddable":true,"href":"http:\/\/enteculturalsantafesino.com.ar\/usina1\/wp-json\/wp\/v2\/media\/17346"}],"wp:attachment":[{"href":"http:\/\/enteculturalsantafesino.com.ar\/usina1\/wp-json\/wp\/v2\/media?parent=17345"}],"wp:term":[{"taxonomy":"category","embeddable":true,"href":"http:\/\/enteculturalsantafesino.com.ar\/usina1\/wp-json\/wp\/v2\/categories?post=17345"},{"taxonomy":"post_tag","embeddable":true,"href":"http:\/\/enteculturalsantafesino.com.ar\/usina1\/wp-json\/wp\/v2\/tags?post=17345"}],"curies":[{"name":"wp","href":"https:\/\/api.w.org\/{rel}","templated":true}]}}