{"id":18739,"date":"2018-05-11T01:45:22","date_gmt":"2018-05-11T01:45:22","guid":{"rendered":"http:\/\/enteculturalsantafesino.com.ar\/usina1\/?p=18739"},"modified":"2018-05-11T01:45:22","modified_gmt":"2018-05-11T01:45:22","slug":"juan-arancio-paisaje-y-corazon-de-santa-fe-se-presenta-en-sastre","status":"publish","type":"post","link":"http:\/\/enteculturalsantafesino.com.ar\/usina1\/2018\/05\/juan-arancio-paisaje-y-corazon-de-santa-fe-se-presenta-en-sastre\/","title":{"rendered":"\u00abJuan Arancio, paisaje y coraz\u00f3n de Santa Fe\u00bb se presenta en Sastre"},"content":{"rendered":"<p><strong>La Muestra itinerante llega a la ciudad el pr\u00f3ximo fin de semana. La exposici\u00f3n del pintor santafesino se podr\u00e1 visitar el 12 y 13 de mayo en el Anexo Municipal. Actuar\u00e1 el Coro \u201cCiudad de Sastre\u201d.<\/strong><\/p>\n<p>Con el auspicio de la <strong>Diputada Provincial Claudia Giaccone<\/strong> y en el marco del <strong>10\u00b0 Aniversario del Ente Cultural Santafesino<\/strong>, este fin de semana se presentar\u00e1 en la ciudad de Sastre y Ortiz la muestra itinerante <strong>\u201cJuan Arancio, paisaje y coraz\u00f3n de Santa Fe\u00bb<\/strong>, del gran artista santafesino.<\/p>\n<p>La apertura de la exposici\u00f3n se desarrollar\u00e1 el pr\u00f3ximo s\u00e1bado 12 de mayo en el Anexo del Liceo Municipal, calle 9 de Julio al 1700, frente a plaza Independencia. Se podr\u00e1 visitar de 18 a 21 horas, con la participaci\u00f3n del Coro \u201cCiudad de Sastre\u201d.<\/p>\n<p>El \u00c1rea de Cultura de la Municipalidad de Sastre inform\u00f3 que tambi\u00e9n se podr\u00e1 visitar este domingo 13, de 17 a 20 horas.<\/p>\n<p>La propuesta cultural integrada por 18 obras originales del pintor, dibujante, ilustrador e historietista, permite descubrir todo su potencial y sumergirse en la idiosincracia de la costa santafesina.<\/p>\n<p>La muestra sigue girando por las distintas localidades de la Usina Cultural II mediante el programa \u201cCompartiendo Cultura\u201d, el cual posee como finalidad intercambiar propuestas art\u00edsticas pertenecientes a las comunidades que integran dicho espacio cultural; jerarquizando y promoviendo la red social, cultural y de inclusi\u00f3n de los m\u00faltiples artistas santafesinos.<\/p>\n<p><strong>Juan Arancio<\/strong> naci\u00f3 el 24 de agosto de 1931 en la capital provincial (donde reside actualmente). Pintor, ilustrador, dibujante, historietista y argumentista, su trayectoria lo llev\u00f3 a trabajar en importantes revistas, libros y publicaciones de nivel nacional e internacional incluyendo en su haber gr\u00e1fico a escritores como Julio Migno y Jorge Luis Borges entre tantos.<\/p>\n<p>Tambi\u00e9n, form\u00f3 parte del staff de los Estudios Fleetway de Inglaterra, los estudios Walt Disney de los Estados Unidos y la editorial Scorpio de Mil\u00e1n.<br \/>\nHa realizado exposiciones en destacadas salas y galer\u00edas de diversas provincias de nuestro pa\u00eds como Santa Fe, Entre R\u00edos, Buenos Aires, San Luis, C\u00f3rdoba, Tucum\u00e1n como as\u00ed tambi\u00e9n fuera de \u00e9l, presentado sus obras en Paraguay, Espa\u00f1a, Francia, Italia, Jap\u00f3n, Canad\u00e1, Estados Unidos y Alemania.<\/p>\n<p>A lo largo de su vasta carrera, ha recibido numerosos premios, reconocimientos, homenajes y distinciones en la Argentina y el resto del mundo.<\/p>\n","protected":false},"excerpt":{"rendered":"<p>La Muestra itinerante llega a la ciudad el pr\u00f3ximo fin de semana. La exposici\u00f3n del pintor santafesino [&hellip;]<\/p>\n","protected":false},"author":3,"featured_media":18740,"comment_status":"closed","ping_status":"closed","sticky":false,"template":"","format":"standard","meta":{"_jetpack_memberships_contains_paid_content":false,"footnotes":"","jetpack_publicize_message":"","jetpack_publicize_feature_enabled":true,"jetpack_social_post_already_shared":true,"jetpack_social_options":{"image_generator_settings":{"template":"highway","enabled":false}}},"categories":[38,22],"tags":[],"jetpack_publicize_connections":[],"jetpack_sharing_enabled":true,"jetpack_featured_media_url":"http:\/\/enteculturalsantafesino.com.ar\/usina1\/wp-content\/uploads\/2018\/05\/DSC_0364.jpg","_links":{"self":[{"href":"http:\/\/enteculturalsantafesino.com.ar\/usina1\/wp-json\/wp\/v2\/posts\/18739"}],"collection":[{"href":"http:\/\/enteculturalsantafesino.com.ar\/usina1\/wp-json\/wp\/v2\/posts"}],"about":[{"href":"http:\/\/enteculturalsantafesino.com.ar\/usina1\/wp-json\/wp\/v2\/types\/post"}],"author":[{"embeddable":true,"href":"http:\/\/enteculturalsantafesino.com.ar\/usina1\/wp-json\/wp\/v2\/users\/3"}],"replies":[{"embeddable":true,"href":"http:\/\/enteculturalsantafesino.com.ar\/usina1\/wp-json\/wp\/v2\/comments?post=18739"}],"version-history":[{"count":0,"href":"http:\/\/enteculturalsantafesino.com.ar\/usina1\/wp-json\/wp\/v2\/posts\/18739\/revisions"}],"wp:featuredmedia":[{"embeddable":true,"href":"http:\/\/enteculturalsantafesino.com.ar\/usina1\/wp-json\/wp\/v2\/media\/18740"}],"wp:attachment":[{"href":"http:\/\/enteculturalsantafesino.com.ar\/usina1\/wp-json\/wp\/v2\/media?parent=18739"}],"wp:term":[{"taxonomy":"category","embeddable":true,"href":"http:\/\/enteculturalsantafesino.com.ar\/usina1\/wp-json\/wp\/v2\/categories?post=18739"},{"taxonomy":"post_tag","embeddable":true,"href":"http:\/\/enteculturalsantafesino.com.ar\/usina1\/wp-json\/wp\/v2\/tags?post=18739"}],"curies":[{"name":"wp","href":"https:\/\/api.w.org\/{rel}","templated":true}]}}