{"id":18819,"date":"2018-05-21T14:38:41","date_gmt":"2018-05-21T14:38:41","guid":{"rendered":"http:\/\/enteculturalsantafesino.com.ar\/usina1\/?p=18819"},"modified":"2018-05-21T14:38:41","modified_gmt":"2018-05-21T14:38:41","slug":"juan-arancio-paisaje-y-corazon-de-santa-fe-ya-se-disfruta-en-san-martin-de-las-escobas","status":"publish","type":"post","link":"http:\/\/enteculturalsantafesino.com.ar\/usina1\/2018\/05\/juan-arancio-paisaje-y-corazon-de-santa-fe-ya-se-disfruta-en-san-martin-de-las-escobas\/","title":{"rendered":"\u00a0\u201cJuan Arancio, paisaje y coraz\u00f3n de Santa Fe\u201d ya se disfruta en San Mart\u00edn de las Escobas"},"content":{"rendered":"<p><strong>La Muestra itinerante lleg\u00f3 a la comunidad del dpto. San Martin y permanecer\u00e1 durante toda esta semana en horario escolar.<\/strong><\/p>\n<p>En las instalaciones de la <strong>Escuela Primaria N\u00b06155<\/strong> desde las 20hs, se realiz\u00f3 la inauguraci\u00f3n con una importante presencia de la comunidad.<\/p>\n<p>Con el auspicio de la\u00a0<strong>Diputada Provincial Claudia Giaccone<\/strong>\u00a0y en el marco del\u00a0<strong>10\u00b0 Aniversario del Ente Cultural Santafesino<\/strong>,\u00a0 la muestra itinerante\u00a0<strong>\u201cJuan Arancio, paisaje y coraz\u00f3n de Santa Fe\u201d<\/strong>, sigue girando por todo el territorio provincial..<\/p>\n<p>La <strong>Secretaria de Cultura local Prof. pialr Deicas<\/strong> manifest\u00f3 su satisfacci\u00f3n y cont\u00f3 que dicha propuesta se encuentra enmarcada en un proyecto educativo, el cual permitir\u00e1 que todos los educandos, aborden y conozcan sobre la figura, tarea y t\u00e9cnicas del reconocido pintor santafesino.<\/p>\n<p>La jornada de apertura tuvo un cierre musical excelente, a cargo del grupo local <strong>\u00abAmbos Tres\u00bb<\/strong> quienes deleitaron al auditorio con canciones del repertorio litorale\u00f1o.<\/p>\n<p>La propuesta cultural integrada por 18 obras originales del pintor, dibujante, ilustrador e historietista, permite descubrir todo su potencial y sumergirse en la idiosincracia de la costa santafesina.<\/p>\n<p>La muestra sigue girando por las distintas localidades de la Usina Cultural I mediante el programa \u201cCompartiendo Cultura\u201d, el cual posee como finalidad intercambiar propuestas art\u00edsticas pertenecientes a las comunidades que integran dicho espacio cultural; jerarquizando y promoviendo la red social, cultural y de inclusi\u00f3n de los m\u00faltiples artistas santafesinos.<\/p>\n<p><strong>Juan Arancio<\/strong>\u00a0naci\u00f3 el 24 de agosto de 1931 en la capital provincial (donde reside actualmente). Pintor, ilustrador, dibujante, historietista y argumentista, su trayectoria lo llev\u00f3 a trabajar en importantes revistas, libros y publicaciones de nivel nacional e internacional incluyendo en su haber gr\u00e1fico a escritores como Julio Migno y Jorge Luis Borges entre tantos.<\/p>\n<p>Tambi\u00e9n, form\u00f3 parte del staff de los Estudios Fleetway de Inglaterra, los estudios Walt Disney de los Estados Unidos y la editorial Scorpio de Mil\u00e1n.<br \/>\nHa realizado exposiciones en destacadas salas y galer\u00edas de diversas provincias de nuestro pa\u00eds como Santa Fe, Entre R\u00edos, Buenos Aires, San Luis, C\u00f3rdoba, Tucum\u00e1n como as\u00ed tambi\u00e9n fuera de \u00e9l, presentado sus obras en Paraguay, Espa\u00f1a, Francia, Italia, Jap\u00f3n, Canad\u00e1, Estados Unidos y Alemania.<\/p>\n<p>A lo largo de su vasta carrera, ha recibido numerosos premios, reconocimientos, homenajes y distinciones en la Argentina y el resto del mundo.<\/p>\n","protected":false},"excerpt":{"rendered":"<p>La Muestra itinerante lleg\u00f3 a la comunidad del dpto. San Martin y permanecer\u00e1 durante toda esta semana [&hellip;]<\/p>\n","protected":false},"author":3,"featured_media":18820,"comment_status":"closed","ping_status":"closed","sticky":false,"template":"","format":"standard","meta":{"_jetpack_memberships_contains_paid_content":false,"footnotes":"","jetpack_publicize_message":"","jetpack_publicize_feature_enabled":true,"jetpack_social_post_already_shared":true,"jetpack_social_options":{"image_generator_settings":{"template":"highway","enabled":false}}},"categories":[38,57],"tags":[],"jetpack_publicize_connections":[],"jetpack_sharing_enabled":true,"jetpack_featured_media_url":"http:\/\/enteculturalsantafesino.com.ar\/usina1\/wp-content\/uploads\/2018\/05\/33097347_578615659191244_1695286534476922880_n.jpg","_links":{"self":[{"href":"http:\/\/enteculturalsantafesino.com.ar\/usina1\/wp-json\/wp\/v2\/posts\/18819"}],"collection":[{"href":"http:\/\/enteculturalsantafesino.com.ar\/usina1\/wp-json\/wp\/v2\/posts"}],"about":[{"href":"http:\/\/enteculturalsantafesino.com.ar\/usina1\/wp-json\/wp\/v2\/types\/post"}],"author":[{"embeddable":true,"href":"http:\/\/enteculturalsantafesino.com.ar\/usina1\/wp-json\/wp\/v2\/users\/3"}],"replies":[{"embeddable":true,"href":"http:\/\/enteculturalsantafesino.com.ar\/usina1\/wp-json\/wp\/v2\/comments?post=18819"}],"version-history":[{"count":0,"href":"http:\/\/enteculturalsantafesino.com.ar\/usina1\/wp-json\/wp\/v2\/posts\/18819\/revisions"}],"wp:featuredmedia":[{"embeddable":true,"href":"http:\/\/enteculturalsantafesino.com.ar\/usina1\/wp-json\/wp\/v2\/media\/18820"}],"wp:attachment":[{"href":"http:\/\/enteculturalsantafesino.com.ar\/usina1\/wp-json\/wp\/v2\/media?parent=18819"}],"wp:term":[{"taxonomy":"category","embeddable":true,"href":"http:\/\/enteculturalsantafesino.com.ar\/usina1\/wp-json\/wp\/v2\/categories?post=18819"},{"taxonomy":"post_tag","embeddable":true,"href":"http:\/\/enteculturalsantafesino.com.ar\/usina1\/wp-json\/wp\/v2\/tags?post=18819"}],"curies":[{"name":"wp","href":"https:\/\/api.w.org\/{rel}","templated":true}]}}