{"id":20262,"date":"2019-08-20T14:09:50","date_gmt":"2019-08-20T14:09:50","guid":{"rendered":"http:\/\/enteculturalsantafesino.com.ar\/usina1\/?p=20262"},"modified":"2019-08-20T14:09:57","modified_gmt":"2019-08-20T14:09:57","slug":"el-torneo-provincial-de-bolitas-se-palpito-en-montes-de-oca","status":"publish","type":"post","link":"http:\/\/enteculturalsantafesino.com.ar\/usina1\/2019\/08\/el-torneo-provincial-de-bolitas-se-palpito-en-montes-de-oca\/","title":{"rendered":"El \u00abTorneo Provincial de Bolitas\u00bb se palpit\u00f3 en Montes de Oca"},"content":{"rendered":"\n<div class=\"wp-block-jetpack-slideshow aligncenter\" data-effect=\"slide\"><div class=\"wp-block-jetpack-slideshow_container swiper-container\"><ul class=\"wp-block-jetpack-slideshow_swiper-wrapper swiper-wrapper\"><li class=\"wp-block-jetpack-slideshow_slide swiper-slide\"><figure><img loading=\"lazy\" decoding=\"async\" width=\"585\" height=\"875\" alt=\"\" class=\"wp-block-jetpack-slideshow_image wp-image-20263\" data-id=\"20263\" src=\"http:\/\/enteculturalsantafesino.com.ar\/usina1\/wp-content\/uploads\/2019\/08\/68606292_2414193322186973_7479207571958530048_n.jpg\" srcset=\"http:\/\/enteculturalsantafesino.com.ar\/usina1\/wp-content\/uploads\/2019\/08\/68606292_2414193322186973_7479207571958530048_n.jpg 585w, http:\/\/enteculturalsantafesino.com.ar\/usina1\/wp-content\/uploads\/2019\/08\/68606292_2414193322186973_7479207571958530048_n-201x300.jpg 201w\" sizes=\"(max-width: 585px) 100vw, 585px\" \/><\/figure><\/li><li class=\"wp-block-jetpack-slideshow_slide swiper-slide\"><figure><img loading=\"lazy\" decoding=\"async\" width=\"683\" height=\"910\" alt=\"\" class=\"wp-block-jetpack-slideshow_image wp-image-20264\" data-id=\"20264\" src=\"http:\/\/enteculturalsantafesino.com.ar\/usina1\/wp-content\/uploads\/2019\/08\/68742989_351235795767254_7379974427053654016_n.jpg\" srcset=\"http:\/\/enteculturalsantafesino.com.ar\/usina1\/wp-content\/uploads\/2019\/08\/68742989_351235795767254_7379974427053654016_n.jpg 683w, http:\/\/enteculturalsantafesino.com.ar\/usina1\/wp-content\/uploads\/2019\/08\/68742989_351235795767254_7379974427053654016_n-225x300.jpg 225w\" sizes=\"(max-width: 683px) 100vw, 683px\" \/><\/figure><\/li><li class=\"wp-block-jetpack-slideshow_slide swiper-slide\"><figure><img loading=\"lazy\" decoding=\"async\" width=\"686\" height=\"875\" alt=\"\" class=\"wp-block-jetpack-slideshow_image wp-image-20265\" data-id=\"20265\" src=\"http:\/\/enteculturalsantafesino.com.ar\/usina1\/wp-content\/uploads\/2019\/08\/68755032_397785597541479_3375598270339350528_n.jpg\" srcset=\"http:\/\/enteculturalsantafesino.com.ar\/usina1\/wp-content\/uploads\/2019\/08\/68755032_397785597541479_3375598270339350528_n.jpg 686w, http:\/\/enteculturalsantafesino.com.ar\/usina1\/wp-content\/uploads\/2019\/08\/68755032_397785597541479_3375598270339350528_n-235x300.jpg 235w\" sizes=\"(max-width: 686px) 100vw, 686px\" \/><\/figure><\/li><li class=\"wp-block-jetpack-slideshow_slide swiper-slide\"><figure><img loading=\"lazy\" decoding=\"async\" width=\"583\" height=\"875\" alt=\"\" class=\"wp-block-jetpack-slideshow_image wp-image-20267\" data-id=\"20267\" src=\"http:\/\/enteculturalsantafesino.com.ar\/usina1\/wp-content\/uploads\/2019\/08\/69258099_545317326008237_3410525726074470400_n.jpg\" srcset=\"http:\/\/enteculturalsantafesino.com.ar\/usina1\/wp-content\/uploads\/2019\/08\/69258099_545317326008237_3410525726074470400_n.jpg 583w, http:\/\/enteculturalsantafesino.com.ar\/usina1\/wp-content\/uploads\/2019\/08\/69258099_545317326008237_3410525726074470400_n-200x300.jpg 200w\" sizes=\"(max-width: 583px) 100vw, 583px\" \/><\/figure><\/li><li class=\"wp-block-jetpack-slideshow_slide swiper-slide\"><figure><img loading=\"lazy\" decoding=\"async\" width=\"875\" height=\"718\" alt=\"\" class=\"wp-block-jetpack-slideshow_image wp-image-20268\" data-id=\"20268\" src=\"http:\/\/enteculturalsantafesino.com.ar\/usina1\/wp-content\/uploads\/2019\/08\/69334852_534704360605667_3721160245074984960_n.jpg\" srcset=\"http:\/\/enteculturalsantafesino.com.ar\/usina1\/wp-content\/uploads\/2019\/08\/69334852_534704360605667_3721160245074984960_n.jpg 875w, http:\/\/enteculturalsantafesino.com.ar\/usina1\/wp-content\/uploads\/2019\/08\/69334852_534704360605667_3721160245074984960_n-300x246.jpg 300w, http:\/\/enteculturalsantafesino.com.ar\/usina1\/wp-content\/uploads\/2019\/08\/69334852_534704360605667_3721160245074984960_n-768x630.jpg 768w\" sizes=\"(max-width: 875px) 100vw, 875px\" \/><\/figure><\/li><li class=\"wp-block-jetpack-slideshow_slide swiper-slide\"><figure><img loading=\"lazy\" decoding=\"async\" width=\"584\" height=\"875\" alt=\"\" class=\"wp-block-jetpack-slideshow_image wp-image-20269\" data-id=\"20269\" src=\"http:\/\/enteculturalsantafesino.com.ar\/usina1\/wp-content\/uploads\/2019\/08\/69378610_2375776845993751_2423545716082212864_n.jpg\" srcset=\"http:\/\/enteculturalsantafesino.com.ar\/usina1\/wp-content\/uploads\/2019\/08\/69378610_2375776845993751_2423545716082212864_n.jpg 584w, http:\/\/enteculturalsantafesino.com.ar\/usina1\/wp-content\/uploads\/2019\/08\/69378610_2375776845993751_2423545716082212864_n-200x300.jpg 200w\" sizes=\"(max-width: 584px) 100vw, 584px\" \/><\/figure><\/li><\/ul><a class=\"wp-block-jetpack-slideshow_button-prev swiper-button-prev swiper-button-white\" role=\"button\"><\/a><a class=\"wp-block-jetpack-slideshow_button-next swiper-button-next swiper-button-white\" role=\"button\"><\/a><a aria-label=\"Pause Slideshow\" class=\"wp-block-jetpack-slideshow_button-pause\" role=\"button\"><\/a><div class=\"wp-block-jetpack-slideshow_pagination swiper-pagination swiper-pagination-white\"><\/div><\/div><\/div>\n\n\n\n<p>El\u00a0<strong>lunes 19\u00a0<\/strong>en la<strong>\u00a0Plaza San Mart\u00edn,\u00a0<\/strong>la\u00a0<strong>Comuna local\u00a0<\/strong>junto al\u00a0<strong>Ente Cultural Santafesino<\/strong>\u00a0y el auspicio de la\u00a0<strong>Diputada Provincial Claudia Giaccone<\/strong>\u00a0llevaron a cabo la instancia local del\u00a0<strong>\u00abTercer Torneo Provincial de Bolitas\u00bb<\/strong>\u00a0\u2013\u00a0<strong>\u00abCopa Cristaler\u00eda San Carlos\u00bb.<\/strong><\/p>\n\n\n\n<p>Repitiendo la exitosa experiencia de los a\u00f1os anteriores y recogiendo esta actividad l\u00fadica&nbsp;la cual se&nbsp;extiende en m\u00e1s de cien comunidades, buscando difundir no solo este juego tradicional, sino tambi\u00e9n la producci\u00f3n y la cultura del trabajo santafesino.<\/p>\n\n\n\n<p><strong>El torneo presenta 4 categor\u00edas:<\/strong><\/p>\n\n\n\n<p>Categor\u00eda \u201cA\u201d de 8 a 12 a\u00f1os; Categor\u00eda \u201cB\u201d de 13 a 15 a\u00f1os; Categor\u00eda \u201cC\u201d de 16 a 30 a\u00f1os; y Categor\u00eda \u201cD\u201d de 31 en adelante<\/p>\n\n\n\n<p>El certamen cuenta con competencias locales, luego regionales y la gran final que ser\u00e1 en la ciudad de San Jorge el 29 de septiembre, posibilitando que los participantes recorran la primera f\u00e1brica argentina de Bolitas de Cristal.<\/p>\n\n\n\n<p>Los ganadores pasaron a la instancia regional la cual se desarrollar\u00e1 en la ciudad de\u00a0<strong>Las Parejas, el 15 de septiembre<\/strong><\/p>\n\n\n\n<p><strong><em>Ganadores:<\/em><\/strong><\/p>\n\n\n\n<ul><li><em><strong>Categor\u00eda A:<\/strong>\u00a0Giuliano Boetto<\/em><\/li><li><em><strong>Categor\u00eda B:<\/strong>\u00a0Lautaro Cisterna<\/em><\/li><li><strong><em>Categor\u00eda D:<\/em><\/strong><em>\u00a0Esteban Aguirre<\/em><\/li><\/ul>\n","protected":false},"excerpt":{"rendered":"<p>El\u00a0lunes 19\u00a0en la\u00a0Plaza San Mart\u00edn,\u00a0la\u00a0Comuna local\u00a0junto al\u00a0Ente Cultural Santafesino\u00a0y el auspicio de la\u00a0Diputada Provincial Claudia Giaccone\u00a0llevaron a [&hellip;]<\/p>\n","protected":false},"author":3,"featured_media":20266,"comment_status":"closed","ping_status":"closed","sticky":false,"template":"","format":"standard","meta":{"_jetpack_memberships_contains_paid_content":false,"footnotes":"","jetpack_publicize_message":"","jetpack_publicize_feature_enabled":true,"jetpack_social_post_already_shared":true,"jetpack_social_options":{"image_generator_settings":{"template":"highway","enabled":false}}},"categories":[38,5],"tags":[],"jetpack_publicize_connections":[],"jetpack_sharing_enabled":true,"jetpack_featured_media_url":"http:\/\/enteculturalsantafesino.com.ar\/usina1\/wp-content\/uploads\/2019\/08\/68991805_697751364058862_4590105633126088704_n.jpg","_links":{"self":[{"href":"http:\/\/enteculturalsantafesino.com.ar\/usina1\/wp-json\/wp\/v2\/posts\/20262"}],"collection":[{"href":"http:\/\/enteculturalsantafesino.com.ar\/usina1\/wp-json\/wp\/v2\/posts"}],"about":[{"href":"http:\/\/enteculturalsantafesino.com.ar\/usina1\/wp-json\/wp\/v2\/types\/post"}],"author":[{"embeddable":true,"href":"http:\/\/enteculturalsantafesino.com.ar\/usina1\/wp-json\/wp\/v2\/users\/3"}],"replies":[{"embeddable":true,"href":"http:\/\/enteculturalsantafesino.com.ar\/usina1\/wp-json\/wp\/v2\/comments?post=20262"}],"version-history":[{"count":0,"href":"http:\/\/enteculturalsantafesino.com.ar\/usina1\/wp-json\/wp\/v2\/posts\/20262\/revisions"}],"wp:featuredmedia":[{"embeddable":true,"href":"http:\/\/enteculturalsantafesino.com.ar\/usina1\/wp-json\/wp\/v2\/media\/20266"}],"wp:attachment":[{"href":"http:\/\/enteculturalsantafesino.com.ar\/usina1\/wp-json\/wp\/v2\/media?parent=20262"}],"wp:term":[{"taxonomy":"category","embeddable":true,"href":"http:\/\/enteculturalsantafesino.com.ar\/usina1\/wp-json\/wp\/v2\/categories?post=20262"},{"taxonomy":"post_tag","embeddable":true,"href":"http:\/\/enteculturalsantafesino.com.ar\/usina1\/wp-json\/wp\/v2\/tags?post=20262"}],"curies":[{"name":"wp","href":"https:\/\/api.w.org\/{rel}","templated":true}]}}