{"id":20271,"date":"2019-08-20T14:42:39","date_gmt":"2019-08-20T14:42:39","guid":{"rendered":"http:\/\/enteculturalsantafesino.com.ar\/usina1\/?p=20271"},"modified":"2019-08-20T14:42:46","modified_gmt":"2019-08-20T14:42:46","slug":"en-monje-se-vivio-el-torneo-provincial-de-bolitas","status":"publish","type":"post","link":"http:\/\/enteculturalsantafesino.com.ar\/usina1\/2019\/08\/en-monje-se-vivio-el-torneo-provincial-de-bolitas\/","title":{"rendered":"En Monje se vivi\u00f3 el \u00abTorneo Provincial de Bolitas\u00bb"},"content":{"rendered":"\n<div class=\"wp-block-jetpack-slideshow aligncenter\" data-effect=\"slide\"><div class=\"wp-block-jetpack-slideshow_container swiper-container\"><ul class=\"wp-block-jetpack-slideshow_swiper-wrapper swiper-wrapper\"><li class=\"wp-block-jetpack-slideshow_slide swiper-slide\"><figure><img loading=\"lazy\" decoding=\"async\" width=\"960\" height=\"540\" alt=\"\" class=\"wp-block-jetpack-slideshow_image wp-image-20272\" data-id=\"20272\" src=\"http:\/\/enteculturalsantafesino.com.ar\/usina1\/wp-content\/uploads\/2019\/08\/68589846_809340286150234_6131429280942391296_n.jpg\" srcset=\"http:\/\/enteculturalsantafesino.com.ar\/usina1\/wp-content\/uploads\/2019\/08\/68589846_809340286150234_6131429280942391296_n.jpg 960w, http:\/\/enteculturalsantafesino.com.ar\/usina1\/wp-content\/uploads\/2019\/08\/68589846_809340286150234_6131429280942391296_n-300x169.jpg 300w, http:\/\/enteculturalsantafesino.com.ar\/usina1\/wp-content\/uploads\/2019\/08\/68589846_809340286150234_6131429280942391296_n-768x432.jpg 768w\" sizes=\"(max-width: 960px) 100vw, 960px\" \/><\/figure><\/li><li class=\"wp-block-jetpack-slideshow_slide swiper-slide\"><figure><img loading=\"lazy\" decoding=\"async\" width=\"960\" height=\"720\" alt=\"\" class=\"wp-block-jetpack-slideshow_image wp-image-20273\" data-id=\"20273\" src=\"http:\/\/enteculturalsantafesino.com.ar\/usina1\/wp-content\/uploads\/2019\/08\/68645158_809326326151630_1849026121492856832_n.jpg\" srcset=\"http:\/\/enteculturalsantafesino.com.ar\/usina1\/wp-content\/uploads\/2019\/08\/68645158_809326326151630_1849026121492856832_n.jpg 960w, http:\/\/enteculturalsantafesino.com.ar\/usina1\/wp-content\/uploads\/2019\/08\/68645158_809326326151630_1849026121492856832_n-300x225.jpg 300w, http:\/\/enteculturalsantafesino.com.ar\/usina1\/wp-content\/uploads\/2019\/08\/68645158_809326326151630_1849026121492856832_n-768x576.jpg 768w\" sizes=\"(max-width: 960px) 100vw, 960px\" \/><\/figure><\/li><li class=\"wp-block-jetpack-slideshow_slide swiper-slide\"><figure><img loading=\"lazy\" decoding=\"async\" width=\"960\" height=\"540\" alt=\"\" class=\"wp-block-jetpack-slideshow_image wp-image-20274\" data-id=\"20274\" src=\"http:\/\/enteculturalsantafesino.com.ar\/usina1\/wp-content\/uploads\/2019\/08\/68696695_809340206150242_7664248232087650304_n.jpg\" srcset=\"http:\/\/enteculturalsantafesino.com.ar\/usina1\/wp-content\/uploads\/2019\/08\/68696695_809340206150242_7664248232087650304_n.jpg 960w, http:\/\/enteculturalsantafesino.com.ar\/usina1\/wp-content\/uploads\/2019\/08\/68696695_809340206150242_7664248232087650304_n-300x169.jpg 300w, http:\/\/enteculturalsantafesino.com.ar\/usina1\/wp-content\/uploads\/2019\/08\/68696695_809340206150242_7664248232087650304_n-768x432.jpg 768w\" sizes=\"(max-width: 960px) 100vw, 960px\" \/><\/figure><\/li><li class=\"wp-block-jetpack-slideshow_slide swiper-slide\"><figure><img loading=\"lazy\" decoding=\"async\" width=\"960\" height=\"540\" alt=\"\" class=\"wp-block-jetpack-slideshow_image wp-image-20275\" data-id=\"20275\" src=\"http:\/\/enteculturalsantafesino.com.ar\/usina1\/wp-content\/uploads\/2019\/08\/69041932_809336666150596_343236232764981248_n.jpg\" srcset=\"http:\/\/enteculturalsantafesino.com.ar\/usina1\/wp-content\/uploads\/2019\/08\/69041932_809336666150596_343236232764981248_n.jpg 960w, http:\/\/enteculturalsantafesino.com.ar\/usina1\/wp-content\/uploads\/2019\/08\/69041932_809336666150596_343236232764981248_n-300x169.jpg 300w, http:\/\/enteculturalsantafesino.com.ar\/usina1\/wp-content\/uploads\/2019\/08\/69041932_809336666150596_343236232764981248_n-768x432.jpg 768w\" sizes=\"(max-width: 960px) 100vw, 960px\" \/><\/figure><\/li><\/ul><a class=\"wp-block-jetpack-slideshow_button-prev swiper-button-prev swiper-button-white\" role=\"button\"><\/a><a class=\"wp-block-jetpack-slideshow_button-next swiper-button-next swiper-button-white\" role=\"button\"><\/a><a aria-label=\"Pause Slideshow\" class=\"wp-block-jetpack-slideshow_button-pause\" role=\"button\"><\/a><div class=\"wp-block-jetpack-slideshow_pagination swiper-pagination swiper-pagination-white\"><\/div><\/div><\/div>\n\n\n\n<p>El\u00a0<strong>lunes 19\u00a0<\/strong>en el<strong>\u00a0Predio del Ferrocarril<\/strong> desde las 14 hs la\u00a0<strong>Comuna local\u00a0<\/strong>junto al\u00a0<strong>Ente Cultural Santafesino<\/strong>\u00a0y el auspicio de la\u00a0<strong>Diputada Provincial Claudia Giaccone<\/strong>\u00a0llevaron a cabo la instancia local del\u00a0<strong>\u00abTercer Torneo Provincial de Bolitas\u00bb<\/strong>\u00a0\u2013\u00a0<strong>\u00abCopa Cristaler\u00eda San Carlos\u00bb.<\/strong><\/p>\n\n\n\n<p>Repitiendo la exitosa experiencia de los a\u00f1os anteriores y recogiendo esta actividad l\u00fadica&nbsp;la cual se&nbsp;extiende en m\u00e1s de cien comunidades, buscando difundir no solo este juego tradicional, sino tambi\u00e9n la producci\u00f3n y la cultura del trabajo santafesino.<\/p>\n\n\n\n<p><strong>El torneo presenta 4 categor\u00edas:<\/strong><\/p>\n\n\n\n<p>Categor\u00eda \u201cA\u201d de 8 a 12 a\u00f1os; Categor\u00eda \u201cB\u201d de 13 a 15 a\u00f1os; Categor\u00eda \u201cC\u201d de 16 a 30 a\u00f1os; y Categor\u00eda \u201cD\u201d de 31 en adelante<\/p>\n\n\n\n<p>El certamen cuenta con competencias locales, luego regionales y la gran final que ser\u00e1 en la ciudad de San Jorge el 29 de septiembre, posibilitando que los participantes recorran la primera f\u00e1brica argentina de Bolitas de Cristal.<\/p>\n\n\n\n<p><strong><em>Ganadores:<\/em><\/strong><\/p>\n\n\n\n<ul><li><em><strong>Categor\u00eda A:<\/strong>\u00a0Alex, Martinez<\/em><\/li><li><em><strong>Categor\u00eda B:<\/strong>\u00a0Tom\u00e1s, Mansilla<\/em><\/li><li><em><strong>Categor\u00eda C<\/strong><\/em>:\u00a0<em>Ignacio, Garcia<\/em><\/li><li><strong><em>Categor\u00eda D:<\/em><\/strong><em>\u00a0Mart\u00edn, P\u00e9rez<\/em><\/li><\/ul>\n","protected":false},"excerpt":{"rendered":"<p>El\u00a0lunes 19\u00a0en el\u00a0Predio del Ferrocarril desde las 14 hs la\u00a0Comuna local\u00a0junto al\u00a0Ente Cultural Santafesino\u00a0y el auspicio de [&hellip;]<\/p>\n","protected":false},"author":3,"featured_media":20276,"comment_status":"closed","ping_status":"closed","sticky":false,"template":"","format":"standard","meta":{"_jetpack_memberships_contains_paid_content":false,"footnotes":"","jetpack_publicize_message":"","jetpack_publicize_feature_enabled":true,"jetpack_social_post_already_shared":true,"jetpack_social_options":{"image_generator_settings":{"template":"highway","enabled":false}}},"categories":[38,59],"tags":[],"jetpack_publicize_connections":[],"jetpack_sharing_enabled":true,"jetpack_featured_media_url":"http:\/\/enteculturalsantafesino.com.ar\/usina1\/wp-content\/uploads\/2019\/08\/68589846_809340286150234_6131429280942391296_n-1.jpg","_links":{"self":[{"href":"http:\/\/enteculturalsantafesino.com.ar\/usina1\/wp-json\/wp\/v2\/posts\/20271"}],"collection":[{"href":"http:\/\/enteculturalsantafesino.com.ar\/usina1\/wp-json\/wp\/v2\/posts"}],"about":[{"href":"http:\/\/enteculturalsantafesino.com.ar\/usina1\/wp-json\/wp\/v2\/types\/post"}],"author":[{"embeddable":true,"href":"http:\/\/enteculturalsantafesino.com.ar\/usina1\/wp-json\/wp\/v2\/users\/3"}],"replies":[{"embeddable":true,"href":"http:\/\/enteculturalsantafesino.com.ar\/usina1\/wp-json\/wp\/v2\/comments?post=20271"}],"version-history":[{"count":0,"href":"http:\/\/enteculturalsantafesino.com.ar\/usina1\/wp-json\/wp\/v2\/posts\/20271\/revisions"}],"wp:featuredmedia":[{"embeddable":true,"href":"http:\/\/enteculturalsantafesino.com.ar\/usina1\/wp-json\/wp\/v2\/media\/20276"}],"wp:attachment":[{"href":"http:\/\/enteculturalsantafesino.com.ar\/usina1\/wp-json\/wp\/v2\/media?parent=20271"}],"wp:term":[{"taxonomy":"category","embeddable":true,"href":"http:\/\/enteculturalsantafesino.com.ar\/usina1\/wp-json\/wp\/v2\/categories?post=20271"},{"taxonomy":"post_tag","embeddable":true,"href":"http:\/\/enteculturalsantafesino.com.ar\/usina1\/wp-json\/wp\/v2\/tags?post=20271"}],"curies":[{"name":"wp","href":"https:\/\/api.w.org\/{rel}","templated":true}]}}