{"id":20323,"date":"2019-08-29T20:07:26","date_gmt":"2019-08-29T20:07:26","guid":{"rendered":"http:\/\/enteculturalsantafesino.com.ar\/usina1\/?p=20323"},"modified":"2019-08-29T20:24:55","modified_gmt":"2019-08-29T20:24:55","slug":"en-oliveros-se-llevo-a-cabo-la-reunion-mensual-de-la-usina-i-sur","status":"publish","type":"post","link":"http:\/\/enteculturalsantafesino.com.ar\/usina1\/2019\/08\/en-oliveros-se-llevo-a-cabo-la-reunion-mensual-de-la-usina-i-sur\/","title":{"rendered":"En Oliveros se llev\u00f3 a cabo la reuni\u00f3n mensual de la Usina I (sur)"},"content":{"rendered":"\n<p>El&nbsp;<strong>mi\u00e9rcoles\n28 en las instalaciones de La Biblioteca Jos\u00e9 Pedroni de la localidad de\nOliveros, sita en calle Santa Fe 159, el Director de la Usina I Sur, Claudio\nPellegrini ofici\u00f3 de orador y llev\u00f3 adelante la reuni\u00f3n<\/strong>&nbsp;mensual\njunto a&nbsp; los dem\u00e1s integrantes de su\nUsina.<\/p>\n\n\n\n<p>Despu\u00e9s de dar la bienvenida a los asistentes se pas\u00f3 de recordar y repasar las Bases de\u00a0 las convocatorias abiertas y vigentes como: <em>\u00abHacelo Corto\u00bb<\/em> y <em>\u00abOjos de Santa Fe\u00bb<\/em>.<\/p>\n\n\n\n<p>Seguidamente se intercambiaron opiniones sobre el desarrollo a nivel local del <em>III Torneo Provincial de Bolitas<\/em> acordando que Carrizales ser\u00e1 la localidad anfitriona para el desarrollo de la Instancia Regional de la Usina, el d\u00eda 8 de septiembre.<\/p>\n\n\n\n<p>Se remarc\u00f3 de la importancia de ofrecer como propuesta hacia artistas locales y hacia Instituciones de las muestras \u00abForma y Color\u00bb y de la propuesta de la Revista \u00abS\u00edntesis de Historia\u00bb, ofrecida para el territorio de las comunidades que integran la Usina I Sur; generando una retroalimentaci\u00f3n fluida entre las propuestas que contempla el Ente y las demandas de los diversos part\u00edcipes que interact\u00faan en cada uno de los g\u00e9neros. <\/p>\n\n\n\n<p>Se inform\u00f3 sobre la realizaci\u00f3n del Cabildo Cultural Santafesino  a realizarse en la localidad de Ramona el pr\u00f3ximo 20 de septiembre, y en donde tendr\u00e1 lugar la presentaci\u00f3n del libro \u00abAromas Santafesinos\u00bb. Para ello se pidi\u00f3 que los referentes transmitan la invitaci\u00f3n pertinente a los participantes de dicho programa, y que en el caso de esta Usina son de: Correa, Salto Grande y Carrizales.<\/p>\n\n\n\n<p>Claudio Pellegrini expuso que se coordinar\u00e1 y pondr\u00e1 en marcha el Programa \u00abCoronados\u00bb, siendo las sedes establecidas para esta ocasi\u00f3n\u00a0 <em>Lucio V L\u00f3pez, Monje y Andino.<\/em><\/p>\n\n\n\n<p>Las localidades que se hicieron presentes fueron: <em>Lucio V L\u00f3pez, Salto Grande, Monje, Carrizales, Andino, Oliveros y Villa Elo\u00edsa.<\/em><\/p>\n","protected":false},"excerpt":{"rendered":"<p>El&nbsp;mi\u00e9rcoles 28 en las instalaciones de La Biblioteca Jos\u00e9 Pedroni de la localidad de Oliveros, sita en [&hellip;]<\/p>\n","protected":false},"author":3,"featured_media":20324,"comment_status":"closed","ping_status":"closed","sticky":false,"template":"","format":"standard","meta":{"_jetpack_memberships_contains_paid_content":false,"footnotes":"","jetpack_publicize_message":"","jetpack_publicize_feature_enabled":true,"jetpack_social_post_already_shared":true,"jetpack_social_options":{"image_generator_settings":{"template":"highway","enabled":false}}},"categories":[38,58],"tags":[],"jetpack_publicize_connections":[],"jetpack_sharing_enabled":true,"jetpack_featured_media_url":"http:\/\/enteculturalsantafesino.com.ar\/usina1\/wp-content\/uploads\/2019\/08\/69872702_680631239121703_2533693777340530688_n.jpg","_links":{"self":[{"href":"http:\/\/enteculturalsantafesino.com.ar\/usina1\/wp-json\/wp\/v2\/posts\/20323"}],"collection":[{"href":"http:\/\/enteculturalsantafesino.com.ar\/usina1\/wp-json\/wp\/v2\/posts"}],"about":[{"href":"http:\/\/enteculturalsantafesino.com.ar\/usina1\/wp-json\/wp\/v2\/types\/post"}],"author":[{"embeddable":true,"href":"http:\/\/enteculturalsantafesino.com.ar\/usina1\/wp-json\/wp\/v2\/users\/3"}],"replies":[{"embeddable":true,"href":"http:\/\/enteculturalsantafesino.com.ar\/usina1\/wp-json\/wp\/v2\/comments?post=20323"}],"version-history":[{"count":0,"href":"http:\/\/enteculturalsantafesino.com.ar\/usina1\/wp-json\/wp\/v2\/posts\/20323\/revisions"}],"wp:featuredmedia":[{"embeddable":true,"href":"http:\/\/enteculturalsantafesino.com.ar\/usina1\/wp-json\/wp\/v2\/media\/20324"}],"wp:attachment":[{"href":"http:\/\/enteculturalsantafesino.com.ar\/usina1\/wp-json\/wp\/v2\/media?parent=20323"}],"wp:term":[{"taxonomy":"category","embeddable":true,"href":"http:\/\/enteculturalsantafesino.com.ar\/usina1\/wp-json\/wp\/v2\/categories?post=20323"},{"taxonomy":"post_tag","embeddable":true,"href":"http:\/\/enteculturalsantafesino.com.ar\/usina1\/wp-json\/wp\/v2\/tags?post=20323"}],"curies":[{"name":"wp","href":"https:\/\/api.w.org\/{rel}","templated":true}]}}