{"id":21143,"date":"2021-02-21T10:14:07","date_gmt":"2021-02-21T10:14:07","guid":{"rendered":"http:\/\/enteculturalsantafesino.com.ar\/usina1\/?p=21143"},"modified":"2021-02-21T10:14:10","modified_gmt":"2021-02-21T10:14:10","slug":"tercera-noche-de-la-28-fiesta-anual-de-la-cultura-en-bouquet","status":"publish","type":"post","link":"http:\/\/enteculturalsantafesino.com.ar\/usina1\/2021\/02\/tercera-noche-de-la-28-fiesta-anual-de-la-cultura-en-bouquet\/","title":{"rendered":"Tercera noche de la \u00ab28\u00b0 Fiesta Anual de la Cultura\u00bb en Bouquet"},"content":{"rendered":"\n<p>El <strong>domingo 21 de febrero <\/strong>se llev\u00f3 a cabo la tercera noche de la tradicional <strong>Fiesta de la Cultura<\/strong>; la apertura estuvo a cargo del <strong>Grupo de Danzas Folkl\u00f3ricas \u00abRenacer\u00bb<\/strong> que brillaron con sus bailes y su magia, como siempre.<\/p>\n\n\n\n<p>Luego subieron al escenario el <strong>Grupo Chacana Cruz<\/strong>, con las tradicionales canciones, que hicieron cantar al p\u00fablico, con la voz del bouquetense <strong>Mart\u00edn Gonz\u00e1lez.<\/strong><\/p>\n\n\n\n<p>El humor tambi\u00e9n dijo presente con <strong>Comicanto<\/strong>, haciendo re\u00edr a la gente y pasar un rato agradable; son un d\u00fao con una gran trayectoria.<\/p>\n\n\n\n<p>Y el cierre fue de la mano de <strong>Los Caldenes<\/strong>, que nos regalaron sus espectaculares voces, haciendo un recorrido musical y con p\u00fablico que no los dejaba ir. <\/p>\n\n\n\n<p><strong>El pr\u00f3ximo domingo ser\u00e1 el cierre de la Fiesta y estar\u00e1n Beltr\u00e1n Escudero, La 22, Los Criollitos de Santa Fe y un la presencia de Los Palmae.<\/strong><\/p>\n","protected":false},"excerpt":{"rendered":"<p>El domingo 21 de febrero se llev\u00f3 a cabo la tercera noche de la tradicional Fiesta de [&hellip;]<\/p>\n","protected":false},"author":3,"featured_media":21144,"comment_status":"closed","ping_status":"closed","sticky":false,"template":"","format":"standard","meta":{"_jetpack_memberships_contains_paid_content":false,"footnotes":"","jetpack_publicize_message":"","jetpack_publicize_feature_enabled":true,"jetpack_social_post_already_shared":true,"jetpack_social_options":{"image_generator_settings":{"template":"highway","enabled":false}}},"categories":[25],"tags":[],"jetpack_publicize_connections":[],"jetpack_sharing_enabled":true,"jetpack_featured_media_url":"http:\/\/enteculturalsantafesino.com.ar\/usina1\/wp-content\/uploads\/2021\/02\/153177945_256353476052375_1727665811284034991_n.jpg","_links":{"self":[{"href":"http:\/\/enteculturalsantafesino.com.ar\/usina1\/wp-json\/wp\/v2\/posts\/21143"}],"collection":[{"href":"http:\/\/enteculturalsantafesino.com.ar\/usina1\/wp-json\/wp\/v2\/posts"}],"about":[{"href":"http:\/\/enteculturalsantafesino.com.ar\/usina1\/wp-json\/wp\/v2\/types\/post"}],"author":[{"embeddable":true,"href":"http:\/\/enteculturalsantafesino.com.ar\/usina1\/wp-json\/wp\/v2\/users\/3"}],"replies":[{"embeddable":true,"href":"http:\/\/enteculturalsantafesino.com.ar\/usina1\/wp-json\/wp\/v2\/comments?post=21143"}],"version-history":[{"count":1,"href":"http:\/\/enteculturalsantafesino.com.ar\/usina1\/wp-json\/wp\/v2\/posts\/21143\/revisions"}],"predecessor-version":[{"id":21145,"href":"http:\/\/enteculturalsantafesino.com.ar\/usina1\/wp-json\/wp\/v2\/posts\/21143\/revisions\/21145"}],"wp:featuredmedia":[{"embeddable":true,"href":"http:\/\/enteculturalsantafesino.com.ar\/usina1\/wp-json\/wp\/v2\/media\/21144"}],"wp:attachment":[{"href":"http:\/\/enteculturalsantafesino.com.ar\/usina1\/wp-json\/wp\/v2\/media?parent=21143"}],"wp:term":[{"taxonomy":"category","embeddable":true,"href":"http:\/\/enteculturalsantafesino.com.ar\/usina1\/wp-json\/wp\/v2\/categories?post=21143"},{"taxonomy":"post_tag","embeddable":true,"href":"http:\/\/enteculturalsantafesino.com.ar\/usina1\/wp-json\/wp\/v2\/tags?post=21143"}],"curies":[{"name":"wp","href":"https:\/\/api.w.org\/{rel}","templated":true}]}}