{"id":212,"date":"2011-08-05T15:19:17","date_gmt":"2011-08-05T15:19:17","guid":{"rendered":"http:\/\/entecultura.com.ar\/noticias\/?p=212"},"modified":"2011-08-05T15:19:17","modified_gmt":"2011-08-05T15:19:17","slug":"primer-reunion-del-ente-en-el-trebol","status":"publish","type":"post","link":"http:\/\/enteculturalsantafesino.com.ar\/usina1\/2011\/08\/primer-reunion-del-ente-en-el-trebol\/","title":{"rendered":"Primer Reuni\u00f3n del Ente en El Tr\u00e9bol"},"content":{"rendered":"<div>\n<div style=\"text-align: left;\" align=\"justify\">En la ma\u00f1ana del jueves 17 desde las 10hs en la Sala de<br \/>\nreuniones del municipio de El Tr\u00e9bol se llev\u00f3 a cabo la primer reuni\u00f3n del a\u00f1o<br \/>\ndel Ente Regional de Cultura, proyectando las distintas actividades a<br \/>\ndesarrollarse durante el 2011.<\/div>\n<div style=\"text-align: left;\" align=\"justify\">En la misma participaron secretarios y referentes de Cultura<br \/>\nde las localidades que integran dicho organismo desde junio de 2009. En la<br \/>\nreuni\u00f3n se determinaron llevar a cabo el Concurso Vocal Familiarte, Ciclo de<br \/>\nConferencias y Capacitaciones a cargo del C.F.I.<\/div>\n<\/div>\n","protected":false},"excerpt":{"rendered":"<p>En la ma\u00f1ana del jueves 17 desde las 10hs en la Sala de reuniones del municipio de [&hellip;]<\/p>\n","protected":false},"author":3,"featured_media":0,"comment_status":"open","ping_status":"open","sticky":false,"template":"","format":"standard","meta":{"_jetpack_memberships_contains_paid_content":false,"footnotes":"","jetpack_publicize_message":"","jetpack_publicize_feature_enabled":true,"jetpack_social_post_already_shared":false,"jetpack_social_options":{"image_generator_settings":{"template":"highway","enabled":false}}},"categories":[1],"tags":[],"jetpack_publicize_connections":[],"jetpack_sharing_enabled":true,"jetpack_featured_media_url":"","_links":{"self":[{"href":"http:\/\/enteculturalsantafesino.com.ar\/usina1\/wp-json\/wp\/v2\/posts\/212"}],"collection":[{"href":"http:\/\/enteculturalsantafesino.com.ar\/usina1\/wp-json\/wp\/v2\/posts"}],"about":[{"href":"http:\/\/enteculturalsantafesino.com.ar\/usina1\/wp-json\/wp\/v2\/types\/post"}],"author":[{"embeddable":true,"href":"http:\/\/enteculturalsantafesino.com.ar\/usina1\/wp-json\/wp\/v2\/users\/3"}],"replies":[{"embeddable":true,"href":"http:\/\/enteculturalsantafesino.com.ar\/usina1\/wp-json\/wp\/v2\/comments?post=212"}],"version-history":[{"count":0,"href":"http:\/\/enteculturalsantafesino.com.ar\/usina1\/wp-json\/wp\/v2\/posts\/212\/revisions"}],"wp:attachment":[{"href":"http:\/\/enteculturalsantafesino.com.ar\/usina1\/wp-json\/wp\/v2\/media?parent=212"}],"wp:term":[{"taxonomy":"category","embeddable":true,"href":"http:\/\/enteculturalsantafesino.com.ar\/usina1\/wp-json\/wp\/v2\/categories?post=212"},{"taxonomy":"post_tag","embeddable":true,"href":"http:\/\/enteculturalsantafesino.com.ar\/usina1\/wp-json\/wp\/v2\/tags?post=212"}],"curies":[{"name":"wp","href":"https:\/\/api.w.org\/{rel}","templated":true}]}}