{"id":21396,"date":"2021-07-26T23:00:54","date_gmt":"2021-07-26T23:00:54","guid":{"rendered":"http:\/\/enteculturalsantafesino.com.ar\/usina1\/?p=21396"},"modified":"2021-07-26T23:00:56","modified_gmt":"2021-07-26T23:00:56","slug":"maria-juana-convoca-a-sus-artistas-plasticos","status":"publish","type":"post","link":"http:\/\/enteculturalsantafesino.com.ar\/usina1\/2021\/07\/maria-juana-convoca-a-sus-artistas-plasticos\/","title":{"rendered":"Mar\u00eda Juana convoca a sus Artistas Pl\u00e1sticos"},"content":{"rendered":"\n<p>Desde el <strong>viernes 23 de julio<\/strong> hoy en <strong>Sala de Cultura Ernesto S\u00e1bato<\/strong>, comenzamos a exponer pinturas de artistas locales que quieran participar de este rinc\u00f3n de arte.<\/p>\n\n\n\n<p>Se podr\u00e1n exponer uno, dos o tres cuadros m\u00e1ximo, simult\u00e1neamente durante 14 d\u00edas, por artista. <\/p>\n\n\n\n<p>Nuestra sala tiene circulaci\u00f3n continua de gente que concurre a las distintas \u00e1reas comunales, los que nos permite ofrecer un p\u00fablico de paso para poder observar y disfrutar esta propuesta. <\/p>\n\n\n\n<p>Invitamos a quienes quieran exponer a acercarse personalmente o desde las redes con al \u00e1rea de cultura.<\/p>\n","protected":false},"excerpt":{"rendered":"<p>Desde el viernes 23 de julio hoy en Sala de Cultura Ernesto S\u00e1bato, comenzamos a exponer pinturas [&hellip;]<\/p>\n","protected":false},"author":3,"featured_media":21397,"comment_status":"closed","ping_status":"closed","sticky":false,"template":"","format":"standard","meta":{"_jetpack_memberships_contains_paid_content":false,"footnotes":"","jetpack_publicize_message":"","jetpack_publicize_feature_enabled":true,"jetpack_social_post_already_shared":true,"jetpack_social_options":{"image_generator_settings":{"template":"highway","enabled":false}}},"categories":[14],"tags":[],"jetpack_publicize_connections":[],"jetpack_sharing_enabled":true,"jetpack_featured_media_url":"http:\/\/enteculturalsantafesino.com.ar\/usina1\/wp-content\/uploads\/2021\/07\/222357429_973270273474294_8171822783342312725_n.jpg","_links":{"self":[{"href":"http:\/\/enteculturalsantafesino.com.ar\/usina1\/wp-json\/wp\/v2\/posts\/21396"}],"collection":[{"href":"http:\/\/enteculturalsantafesino.com.ar\/usina1\/wp-json\/wp\/v2\/posts"}],"about":[{"href":"http:\/\/enteculturalsantafesino.com.ar\/usina1\/wp-json\/wp\/v2\/types\/post"}],"author":[{"embeddable":true,"href":"http:\/\/enteculturalsantafesino.com.ar\/usina1\/wp-json\/wp\/v2\/users\/3"}],"replies":[{"embeddable":true,"href":"http:\/\/enteculturalsantafesino.com.ar\/usina1\/wp-json\/wp\/v2\/comments?post=21396"}],"version-history":[{"count":1,"href":"http:\/\/enteculturalsantafesino.com.ar\/usina1\/wp-json\/wp\/v2\/posts\/21396\/revisions"}],"predecessor-version":[{"id":21398,"href":"http:\/\/enteculturalsantafesino.com.ar\/usina1\/wp-json\/wp\/v2\/posts\/21396\/revisions\/21398"}],"wp:featuredmedia":[{"embeddable":true,"href":"http:\/\/enteculturalsantafesino.com.ar\/usina1\/wp-json\/wp\/v2\/media\/21397"}],"wp:attachment":[{"href":"http:\/\/enteculturalsantafesino.com.ar\/usina1\/wp-json\/wp\/v2\/media?parent=21396"}],"wp:term":[{"taxonomy":"category","embeddable":true,"href":"http:\/\/enteculturalsantafesino.com.ar\/usina1\/wp-json\/wp\/v2\/categories?post=21396"},{"taxonomy":"post_tag","embeddable":true,"href":"http:\/\/enteculturalsantafesino.com.ar\/usina1\/wp-json\/wp\/v2\/tags?post=21396"}],"curies":[{"name":"wp","href":"https:\/\/api.w.org\/{rel}","templated":true}]}}