{"id":21676,"date":"2021-11-27T23:56:22","date_gmt":"2021-11-27T23:56:22","guid":{"rendered":"http:\/\/enteculturalsantafesino.com.ar\/usina1\/?p=21676"},"modified":"2021-11-27T23:56:26","modified_gmt":"2021-11-27T23:56:26","slug":"totoras-el-taller-de-musica-cerro-el-ano-en-el-centro-cultural-sarmiento","status":"publish","type":"post","link":"http:\/\/enteculturalsantafesino.com.ar\/usina1\/2021\/11\/totoras-el-taller-de-musica-cerro-el-ano-en-el-centro-cultural-sarmiento\/","title":{"rendered":"Totoras: El Taller de M\u00fasica cerro el a\u00f1o en el Centro Cultural Sarmiento"},"content":{"rendered":"\n<p>El Taller de M\u00fasica de la Municipalidad de Totoras, a cargo de Claudio Cachiotta, despidi\u00f3 el a\u00f1o con un gran show llamado \u201cSobrevivientes\u201d. <\/p>\n\n\n\n<p> A trav\u00e9s de 18 canciones, el Show \u201cSobrevivientes\u201d, llev\u00f3 a los asistentes a trav\u00e9s de un viaje por los mejores tema del 2021.<\/p>\n\n\n\n<p>La gesti\u00f3n municipal agradece a los alumnos y profesores por este nuevo a\u00f1o de trabajo. <\/p>\n","protected":false},"excerpt":{"rendered":"<p>El Taller de M\u00fasica de la Municipalidad de Totoras, a cargo de Claudio Cachiotta, despidi\u00f3 el a\u00f1o [&hellip;]<\/p>\n","protected":false},"author":3,"featured_media":21677,"comment_status":"closed","ping_status":"closed","sticky":false,"template":"","format":"standard","meta":{"_jetpack_memberships_contains_paid_content":false,"footnotes":"","jetpack_publicize_message":"","jetpack_publicize_feature_enabled":true,"jetpack_social_post_already_shared":true,"jetpack_social_options":{"image_generator_settings":{"template":"highway","enabled":false}}},"categories":[27],"tags":[],"jetpack_publicize_connections":[],"jetpack_sharing_enabled":true,"jetpack_featured_media_url":"http:\/\/enteculturalsantafesino.com.ar\/usina1\/wp-content\/uploads\/2021\/11\/261051111_4247495222021673_7452020404212458862_n.jpg","_links":{"self":[{"href":"http:\/\/enteculturalsantafesino.com.ar\/usina1\/wp-json\/wp\/v2\/posts\/21676"}],"collection":[{"href":"http:\/\/enteculturalsantafesino.com.ar\/usina1\/wp-json\/wp\/v2\/posts"}],"about":[{"href":"http:\/\/enteculturalsantafesino.com.ar\/usina1\/wp-json\/wp\/v2\/types\/post"}],"author":[{"embeddable":true,"href":"http:\/\/enteculturalsantafesino.com.ar\/usina1\/wp-json\/wp\/v2\/users\/3"}],"replies":[{"embeddable":true,"href":"http:\/\/enteculturalsantafesino.com.ar\/usina1\/wp-json\/wp\/v2\/comments?post=21676"}],"version-history":[{"count":1,"href":"http:\/\/enteculturalsantafesino.com.ar\/usina1\/wp-json\/wp\/v2\/posts\/21676\/revisions"}],"predecessor-version":[{"id":21678,"href":"http:\/\/enteculturalsantafesino.com.ar\/usina1\/wp-json\/wp\/v2\/posts\/21676\/revisions\/21678"}],"wp:featuredmedia":[{"embeddable":true,"href":"http:\/\/enteculturalsantafesino.com.ar\/usina1\/wp-json\/wp\/v2\/media\/21677"}],"wp:attachment":[{"href":"http:\/\/enteculturalsantafesino.com.ar\/usina1\/wp-json\/wp\/v2\/media?parent=21676"}],"wp:term":[{"taxonomy":"category","embeddable":true,"href":"http:\/\/enteculturalsantafesino.com.ar\/usina1\/wp-json\/wp\/v2\/categories?post=21676"},{"taxonomy":"post_tag","embeddable":true,"href":"http:\/\/enteculturalsantafesino.com.ar\/usina1\/wp-json\/wp\/v2\/tags?post=21676"}],"curies":[{"name":"wp","href":"https:\/\/api.w.org\/{rel}","templated":true}]}}