{"id":21679,"date":"2021-11-28T00:02:47","date_gmt":"2021-11-28T00:02:47","guid":{"rendered":"http:\/\/enteculturalsantafesino.com.ar\/usina1\/?p=21679"},"modified":"2021-11-28T00:02:53","modified_gmt":"2021-11-28T00:02:53","slug":"llega-la-etapa-regional-de-el-santafesino","status":"publish","type":"post","link":"http:\/\/enteculturalsantafesino.com.ar\/usina1\/2021\/11\/llega-la-etapa-regional-de-el-santafesino\/","title":{"rendered":"Llega la etapa regional de \u00abEl Santafesino\u00bb"},"content":{"rendered":"\n<p>El\u00a0pr\u00f3ximo <strong>martes 30 de noviembre<\/strong> en la <strong>Biblioteca Constancio C. Vigil <\/strong>de la comunidad de <strong>Villa Elo\u00edsa <\/strong>se desarrollar\u00e1 la<strong> \u00abetapa regional\u00bb <\/strong>perteneciente a la <strong>Usina Cultural I <\/strong>del concurso <strong>\u00abEl Santafesino\u00bb<\/strong><\/p>\n\n\n\n<p>El mismo es un juego de preguntas y respuestas con formato virtual promovido por el <strong>Ente Cultural Santafesino<\/strong>, el cual se encuentra destinado a todos los habitantes de esta provincia que deseen participar, con el objetivo de conocer la historia e im\u00e1genes de nuestra provincia a trav\u00e9s de una actividad recreativa.<\/p>\n\n\n\n<p>Difundir y dar a conocer datos, hechos y acciones hist\u00f3ricas en el aspecto pol\u00edtico, social y cultural; estimulando la b\u00fasqueda e investigaci\u00f3n de nuestro \u201cser\u201d santafesino.<\/p>\n\n\n\n<p>Dicho programa se puede visitar en la web del&nbsp;<strong>Ente Cultural Santafesino<\/strong>; con la intenci\u00f3n de estudiar y compenetrarse con los distintos contenidos y datos que se proponen desde la plataforma impulsada por dicho espacio cultural.<\/p>\n","protected":false},"excerpt":{"rendered":"<p>El\u00a0pr\u00f3ximo martes 30 de noviembre en la Biblioteca Constancio C. Vigil de la comunidad de Villa Elo\u00edsa [&hellip;]<\/p>\n","protected":false},"author":3,"featured_media":21680,"comment_status":"closed","ping_status":"closed","sticky":false,"template":"","format":"standard","meta":{"_jetpack_memberships_contains_paid_content":false,"footnotes":"","jetpack_publicize_message":"","jetpack_publicize_feature_enabled":true,"jetpack_social_post_already_shared":true,"jetpack_social_options":{"image_generator_settings":{"template":"highway","enabled":false}}},"categories":[38,37],"tags":[],"jetpack_publicize_connections":[],"jetpack_sharing_enabled":true,"jetpack_featured_media_url":"http:\/\/enteculturalsantafesino.com.ar\/usina1\/wp-content\/uploads\/2021\/11\/260864366_10220085275706482_7819564963438450781_n.jpg","_links":{"self":[{"href":"http:\/\/enteculturalsantafesino.com.ar\/usina1\/wp-json\/wp\/v2\/posts\/21679"}],"collection":[{"href":"http:\/\/enteculturalsantafesino.com.ar\/usina1\/wp-json\/wp\/v2\/posts"}],"about":[{"href":"http:\/\/enteculturalsantafesino.com.ar\/usina1\/wp-json\/wp\/v2\/types\/post"}],"author":[{"embeddable":true,"href":"http:\/\/enteculturalsantafesino.com.ar\/usina1\/wp-json\/wp\/v2\/users\/3"}],"replies":[{"embeddable":true,"href":"http:\/\/enteculturalsantafesino.com.ar\/usina1\/wp-json\/wp\/v2\/comments?post=21679"}],"version-history":[{"count":1,"href":"http:\/\/enteculturalsantafesino.com.ar\/usina1\/wp-json\/wp\/v2\/posts\/21679\/revisions"}],"predecessor-version":[{"id":21681,"href":"http:\/\/enteculturalsantafesino.com.ar\/usina1\/wp-json\/wp\/v2\/posts\/21679\/revisions\/21681"}],"wp:featuredmedia":[{"embeddable":true,"href":"http:\/\/enteculturalsantafesino.com.ar\/usina1\/wp-json\/wp\/v2\/media\/21680"}],"wp:attachment":[{"href":"http:\/\/enteculturalsantafesino.com.ar\/usina1\/wp-json\/wp\/v2\/media?parent=21679"}],"wp:term":[{"taxonomy":"category","embeddable":true,"href":"http:\/\/enteculturalsantafesino.com.ar\/usina1\/wp-json\/wp\/v2\/categories?post=21679"},{"taxonomy":"post_tag","embeddable":true,"href":"http:\/\/enteculturalsantafesino.com.ar\/usina1\/wp-json\/wp\/v2\/tags?post=21679"}],"curies":[{"name":"wp","href":"https:\/\/api.w.org\/{rel}","templated":true}]}}