{"id":2200,"date":"2012-02-22T14:13:26","date_gmt":"2012-02-22T14:13:26","guid":{"rendered":"http:\/\/entecultura.com.ar\/noticias\/?p=2200"},"modified":"2012-02-23T03:09:35","modified_gmt":"2012-02-23T03:09:35","slug":"gestiones-del-ente-de-cultura-en-la-secretaria-de-cultura-de-la-nacion","status":"publish","type":"post","link":"http:\/\/enteculturalsantafesino.com.ar\/usina1\/2012\/02\/gestiones-del-ente-de-cultura-en-la-secretaria-de-cultura-de-la-nacion\/","title":{"rendered":"GESTIONES DEL ENTE DE CULTURA EN LA SECRETAR\u00cdA DE CULTURA DE LA NACI\u00d3N"},"content":{"rendered":"<p><a href=\"http:\/\/enteculturalsantafesino.com.ar\/noticias\/wp-content\/uploads\/2012\/02\/cultura-nacion-logo2.jpg\" rel=\"lightbox[2200]\"><img loading=\"lazy\" decoding=\"async\" class=\"alignright size-thumbnail wp-image-2205\" title=\"cultura nacion logo\" src=\"http:\/\/enteculturalsantafesino.com.ar\/noticias\/wp-content\/uploads\/2012\/02\/cultura-nacion-logo2-150x150.jpg\" alt=\"\" width=\"150\" height=\"150\" \/><\/a>En la jornada del jueves 23,\u00a0integrantes del Ente Regional de Cultura tendr\u00e1n<\/p>\n<p>distintas reuniones con <a href=\"http:\/\/enteculturalsantafesino.com.ar\/noticias\/wp-content\/uploads\/2012\/02\/logo-ente.bmp\" rel=\"lightbox[2200]\"><img decoding=\"async\" class=\"alignright size-full wp-image-2202\" title=\"logo ente\" src=\"http:\/\/enteculturalsantafesino.com.ar\/noticias\/wp-content\/uploads\/2012\/02\/logo-ente.bmp\" alt=\"\" \/><\/a><\/p>\n<p>organismos pertenecientes a la Sercretar\u00eda de Cultura de Naci\u00f3n. Dicho encuentro dispondr\u00e1\u00a0las actividades del a\u00f1o 2012\u00a0; desarrollando un calendario actividades conformadas por diversos Programas Federales, Organismos Art\u00edsticos, Capacitaciones y Proyectos Culturales que se<\/p>\n<p>enmarcan dentro del mapa cultural que integran los adherentes del<\/p>\n<p>Ente Regional de Cultura. El Secretario de Cultura Jorge Coscia,<\/p>\n<p>Alejandra Blanco Jefa de Gabinete, Integrantes de\u00a0 la Direcci\u00f3n de la Infancia ,<\/p>\n<p>Direcci\u00f3n de Acci\u00f3n Federal e Integrantes del Organismo Regional Santafesino<\/p>\n<p>de Cultura ser\u00e1n parte de este encuentro que proyectar\u00e1 una vez m\u00e1s la\u00a0integraci\u00f3n e interacci\u00f3n directa<\/p>\n<p>de pol\u00edticas culturales entre Cultura Naci\u00f3n con nuestra regi\u00f3n.-<\/p>\n","protected":false},"excerpt":{"rendered":"<p>En la jornada del jueves 23,\u00a0integrantes del Ente Regional de Cultura tendr\u00e1n distintas reuniones con organismos pertenecientes [&hellip;]<\/p>\n","protected":false},"author":3,"featured_media":0,"comment_status":"open","ping_status":"open","sticky":false,"template":"","format":"standard","meta":{"_jetpack_memberships_contains_paid_content":false,"footnotes":"","jetpack_publicize_message":"","jetpack_publicize_feature_enabled":true,"jetpack_social_post_already_shared":false,"jetpack_social_options":{"image_generator_settings":{"template":"highway","enabled":false}}},"categories":[9],"tags":[],"jetpack_publicize_connections":[],"jetpack_sharing_enabled":true,"jetpack_featured_media_url":"","_links":{"self":[{"href":"http:\/\/enteculturalsantafesino.com.ar\/usina1\/wp-json\/wp\/v2\/posts\/2200"}],"collection":[{"href":"http:\/\/enteculturalsantafesino.com.ar\/usina1\/wp-json\/wp\/v2\/posts"}],"about":[{"href":"http:\/\/enteculturalsantafesino.com.ar\/usina1\/wp-json\/wp\/v2\/types\/post"}],"author":[{"embeddable":true,"href":"http:\/\/enteculturalsantafesino.com.ar\/usina1\/wp-json\/wp\/v2\/users\/3"}],"replies":[{"embeddable":true,"href":"http:\/\/enteculturalsantafesino.com.ar\/usina1\/wp-json\/wp\/v2\/comments?post=2200"}],"version-history":[{"count":0,"href":"http:\/\/enteculturalsantafesino.com.ar\/usina1\/wp-json\/wp\/v2\/posts\/2200\/revisions"}],"wp:attachment":[{"href":"http:\/\/enteculturalsantafesino.com.ar\/usina1\/wp-json\/wp\/v2\/media?parent=2200"}],"wp:term":[{"taxonomy":"category","embeddable":true,"href":"http:\/\/enteculturalsantafesino.com.ar\/usina1\/wp-json\/wp\/v2\/categories?post=2200"},{"taxonomy":"post_tag","embeddable":true,"href":"http:\/\/enteculturalsantafesino.com.ar\/usina1\/wp-json\/wp\/v2\/tags?post=2200"}],"curies":[{"name":"wp","href":"https:\/\/api.w.org\/{rel}","templated":true}]}}