{"id":2210,"date":"2012-02-23T03:13:16","date_gmt":"2012-02-23T03:13:16","guid":{"rendered":"http:\/\/entecultura.com.ar\/noticias\/?p=2210"},"modified":"2012-02-23T03:13:40","modified_gmt":"2012-02-23T03:13:40","slug":"acto-por-los-200-anos-de-la-creacion-de-la-bandera","status":"publish","type":"post","link":"http:\/\/enteculturalsantafesino.com.ar\/usina1\/2012\/02\/acto-por-los-200-anos-de-la-creacion-de-la-bandera\/","title":{"rendered":"ACTO POR LOS 200 A\u00d1OS DE LA CREACI\u00d3N DE LA BANDERA"},"content":{"rendered":"<p><a href=\"http:\/\/enteculturalsantafesino.com.ar\/noticias\/wp-content\/uploads\/2012\/02\/200-a\u00f1os-bandera2.png\" rel=\"lightbox[2210]\"><img loading=\"lazy\" decoding=\"async\" class=\"alignright size-thumbnail wp-image-2214\" title=\"200 a\u00f1os bandera\" src=\"http:\/\/enteculturalsantafesino.com.ar\/noticias\/wp-content\/uploads\/2012\/02\/200-a\u00f1os-bandera2-150x150.png\" alt=\"\" width=\"150\" height=\"150\" \/><\/a><\/p>\n<table style=\"width: 242px; height: 206px;\" width=\"242\" border=\"0\" bgcolor=\"#ffffff\">\n<tbody>\n<tr>\n<td align=\"left\"><strong>Ser\u00e1 el pr\u00f3ximo domingo 26, en Casa del Bicentenario. All\u00ed, a partir de las 20, se festejar\u00e1 con canto, baile, adem\u00e1s de descubrirse un escultura del artista ca\u00f1adense Emiliano Gonz\u00e1lez. <\/strong><\/td>\n<\/tr>\n<tr>\n<td id=\"cuerpo\" align=\"left\">La municipalidad de Ca\u00f1ada de G\u00f3mez invita al festejo del bicentenario de la creaci\u00f3n de la bandera que se realizar\u00e1 el domingo 26 de febrero a las 20:00 hs en Casa del Bicentenario.Se producir\u00e1 el descubrimiento de la escultura en homenaje a la ense\u00f1a patria del artista local Emiliano Gonz\u00e1lez y la actuaci\u00f3n del grupo vocal rosarino que desarrollar\u00e1 un repertorio l\u00edrico, folkl\u00f3rico y popular.<\/td>\n<\/tr>\n<\/tbody>\n<\/table>\n","protected":false},"excerpt":{"rendered":"<p>Ser\u00e1 el pr\u00f3ximo domingo 26, en Casa del Bicentenario. All\u00ed, a partir de las 20, se festejar\u00e1 [&hellip;]<\/p>\n","protected":false},"author":3,"featured_media":0,"comment_status":"open","ping_status":"open","sticky":false,"template":"","format":"standard","meta":{"_jetpack_memberships_contains_paid_content":false,"footnotes":"","jetpack_publicize_message":"","jetpack_publicize_feature_enabled":true,"jetpack_social_post_already_shared":false,"jetpack_social_options":{"image_generator_settings":{"template":"highway","enabled":false}}},"categories":[11,4],"tags":[],"jetpack_publicize_connections":[],"jetpack_sharing_enabled":true,"jetpack_featured_media_url":"","_links":{"self":[{"href":"http:\/\/enteculturalsantafesino.com.ar\/usina1\/wp-json\/wp\/v2\/posts\/2210"}],"collection":[{"href":"http:\/\/enteculturalsantafesino.com.ar\/usina1\/wp-json\/wp\/v2\/posts"}],"about":[{"href":"http:\/\/enteculturalsantafesino.com.ar\/usina1\/wp-json\/wp\/v2\/types\/post"}],"author":[{"embeddable":true,"href":"http:\/\/enteculturalsantafesino.com.ar\/usina1\/wp-json\/wp\/v2\/users\/3"}],"replies":[{"embeddable":true,"href":"http:\/\/enteculturalsantafesino.com.ar\/usina1\/wp-json\/wp\/v2\/comments?post=2210"}],"version-history":[{"count":0,"href":"http:\/\/enteculturalsantafesino.com.ar\/usina1\/wp-json\/wp\/v2\/posts\/2210\/revisions"}],"wp:attachment":[{"href":"http:\/\/enteculturalsantafesino.com.ar\/usina1\/wp-json\/wp\/v2\/media?parent=2210"}],"wp:term":[{"taxonomy":"category","embeddable":true,"href":"http:\/\/enteculturalsantafesino.com.ar\/usina1\/wp-json\/wp\/v2\/categories?post=2210"},{"taxonomy":"post_tag","embeddable":true,"href":"http:\/\/enteculturalsantafesino.com.ar\/usina1\/wp-json\/wp\/v2\/tags?post=2210"}],"curies":[{"name":"wp","href":"https:\/\/api.w.org\/{rel}","templated":true}]}}