{"id":22397,"date":"2022-09-19T13:01:30","date_gmt":"2022-09-19T13:01:30","guid":{"rendered":"http:\/\/enteculturalsantafesino.com.ar\/usina1\/?p=22397"},"modified":"2022-09-19T13:01:32","modified_gmt":"2022-09-19T13:01:32","slug":"canada-rosquin-presente-en-encuentro-argentino-y-latinoamericano-de-coros-de-la-tercera-edad","status":"publish","type":"post","link":"http:\/\/enteculturalsantafesino.com.ar\/usina1\/2022\/09\/canada-rosquin-presente-en-encuentro-argentino-y-latinoamericano-de-coros-de-la-tercera-edad\/","title":{"rendered":"Ca\u00f1ada Rosqu\u00edn presente en \u00abEncuentro Argentino y Latinoamericano de Coros de la Tercera Edad\u00bb."},"content":{"rendered":"\n<p>Con una grilla de actividades para todas las edades, en el Teatro Candilejas y los Jardines Municipales, se realiz\u00f3 el <strong>Encuentro Argentino y Latinoamericano de Coros de la Tercera Edad. <\/strong><\/p>\n\n\n\n<p>En esta oportunidad, el encuentro que re\u00fane a agrupaciones corales del pa\u00eds y el Mercosur, cont\u00f3 con la presencia del humorista Luis Landriscina, que fue declarado \u201cvisitante distinguido\u201d de la villa.<\/p>\n\n\n\n<p>Con una destacada participaci\u00f3n de la directora Alicia Galetti a cargo de las masas corales y junto a \u00abQuiencanta Sumalespanta\u00bb que brillaron con sus presentaciones.<\/p>\n\n\n\n<p>El s\u00e1bado por la noche culmin\u00f3 este importante acontecimiento con epicentro en Villa Carlos Paz. Las autoridades comunales hicieron entrega de un obsequio al reconocido humorista.<\/p>\n","protected":false},"excerpt":{"rendered":"<p>Con una grilla de actividades para todas las edades, en el Teatro Candilejas y los Jardines Municipales, [&hellip;]<\/p>\n","protected":false},"author":3,"featured_media":22398,"comment_status":"closed","ping_status":"closed","sticky":false,"template":"","format":"standard","meta":{"_jetpack_memberships_contains_paid_content":false,"footnotes":"","jetpack_publicize_message":"","jetpack_publicize_feature_enabled":true,"jetpack_social_post_already_shared":true,"jetpack_social_options":{"image_generator_settings":{"template":"highway","enabled":false}}},"categories":[67],"tags":[],"jetpack_publicize_connections":[],"jetpack_sharing_enabled":true,"jetpack_featured_media_url":"http:\/\/enteculturalsantafesino.com.ar\/usina1\/wp-content\/uploads\/2022\/09\/308058257_392364029723658_4585581095312123251_n.jpg","_links":{"self":[{"href":"http:\/\/enteculturalsantafesino.com.ar\/usina1\/wp-json\/wp\/v2\/posts\/22397"}],"collection":[{"href":"http:\/\/enteculturalsantafesino.com.ar\/usina1\/wp-json\/wp\/v2\/posts"}],"about":[{"href":"http:\/\/enteculturalsantafesino.com.ar\/usina1\/wp-json\/wp\/v2\/types\/post"}],"author":[{"embeddable":true,"href":"http:\/\/enteculturalsantafesino.com.ar\/usina1\/wp-json\/wp\/v2\/users\/3"}],"replies":[{"embeddable":true,"href":"http:\/\/enteculturalsantafesino.com.ar\/usina1\/wp-json\/wp\/v2\/comments?post=22397"}],"version-history":[{"count":1,"href":"http:\/\/enteculturalsantafesino.com.ar\/usina1\/wp-json\/wp\/v2\/posts\/22397\/revisions"}],"predecessor-version":[{"id":22399,"href":"http:\/\/enteculturalsantafesino.com.ar\/usina1\/wp-json\/wp\/v2\/posts\/22397\/revisions\/22399"}],"wp:featuredmedia":[{"embeddable":true,"href":"http:\/\/enteculturalsantafesino.com.ar\/usina1\/wp-json\/wp\/v2\/media\/22398"}],"wp:attachment":[{"href":"http:\/\/enteculturalsantafesino.com.ar\/usina1\/wp-json\/wp\/v2\/media?parent=22397"}],"wp:term":[{"taxonomy":"category","embeddable":true,"href":"http:\/\/enteculturalsantafesino.com.ar\/usina1\/wp-json\/wp\/v2\/categories?post=22397"},{"taxonomy":"post_tag","embeddable":true,"href":"http:\/\/enteculturalsantafesino.com.ar\/usina1\/wp-json\/wp\/v2\/tags?post=22397"}],"curies":[{"name":"wp","href":"https:\/\/api.w.org\/{rel}","templated":true}]}}