{"id":22658,"date":"2022-11-04T15:03:23","date_gmt":"2022-11-04T15:03:23","guid":{"rendered":"http:\/\/enteculturalsantafesino.com.ar\/usina1\/?p=22658"},"modified":"2022-11-04T15:03:25","modified_gmt":"2022-11-04T15:03:25","slug":"encuentro-musical-coro-de-ninos-en-san-martin-de-las-escobas","status":"publish","type":"post","link":"http:\/\/enteculturalsantafesino.com.ar\/usina1\/2022\/11\/encuentro-musical-coro-de-ninos-en-san-martin-de-las-escobas\/","title":{"rendered":"Encuentro Musical \u00abCoro de Ni\u00f1os\u00bb en San Martin de las Escobas"},"content":{"rendered":"\n<p>El <strong>viernes 28<\/strong> en el<strong> Cine local<\/strong> se present\u00f3 el <strong>Encuentro Musical \u00abCoro de Ni\u00f1os\u00bb<\/strong>.<\/p>\n\n\n\n<p>En una m\u00e1gica noche de viernes, se present\u00f3 el <strong>Coro de Ni\u00f1os<\/strong>, creado nuevamente en marzo del presente a\u00f1o, a cargo de las <strong>profesoras Mariana Liria y Pilar Dei-Cas<\/strong>.<\/p>\n\n\n\n<p>Los ni\u00f1os cantaron cuatro canciones y fueron el deleite de los presentes. Un respetuoso e interesado silencio aconteci\u00f3 en cada una de las canciones y al finalizar un caluroso aplauso coron\u00f3 cada presentaci\u00f3n. <\/p>\n\n\n\n<p>En la segunda parte del concierto, cada familia que as\u00ed lo deseo, present\u00f3 una canci\u00f3n preparada en casa. <\/p>\n\n\n\n<p>Fueron momentos de mucha emoci\u00f3n. Felicitaciones a los ni\u00f1os, a las familias y a todo el p\u00fablico en general.<\/p>\n\n\n\n<p>El agradecimiento a la Asociaci\u00f3n Mutual por permitir el uso del Centro Cultural San Mart\u00edn, ya que es el \u00e1mbito ideal y propicio para este tipo de espect\u00e1culos<\/p>\n","protected":false},"excerpt":{"rendered":"<p>El viernes 28 en el Cine local se present\u00f3 el Encuentro Musical \u00abCoro de Ni\u00f1os\u00bb. En una [&hellip;]<\/p>\n","protected":false},"author":3,"featured_media":22659,"comment_status":"closed","ping_status":"closed","sticky":false,"template":"","format":"standard","meta":{"_jetpack_memberships_contains_paid_content":false,"footnotes":"","jetpack_publicize_message":"","jetpack_publicize_feature_enabled":true,"jetpack_social_post_already_shared":true,"jetpack_social_options":{"image_generator_settings":{"template":"highway","enabled":false}}},"categories":[57],"tags":[],"jetpack_publicize_connections":[],"jetpack_sharing_enabled":true,"jetpack_featured_media_url":"http:\/\/enteculturalsantafesino.com.ar\/usina1\/wp-content\/uploads\/2022\/11\/312840631_3359734454238719_3104036311678195668_n.jpg","_links":{"self":[{"href":"http:\/\/enteculturalsantafesino.com.ar\/usina1\/wp-json\/wp\/v2\/posts\/22658"}],"collection":[{"href":"http:\/\/enteculturalsantafesino.com.ar\/usina1\/wp-json\/wp\/v2\/posts"}],"about":[{"href":"http:\/\/enteculturalsantafesino.com.ar\/usina1\/wp-json\/wp\/v2\/types\/post"}],"author":[{"embeddable":true,"href":"http:\/\/enteculturalsantafesino.com.ar\/usina1\/wp-json\/wp\/v2\/users\/3"}],"replies":[{"embeddable":true,"href":"http:\/\/enteculturalsantafesino.com.ar\/usina1\/wp-json\/wp\/v2\/comments?post=22658"}],"version-history":[{"count":1,"href":"http:\/\/enteculturalsantafesino.com.ar\/usina1\/wp-json\/wp\/v2\/posts\/22658\/revisions"}],"predecessor-version":[{"id":22660,"href":"http:\/\/enteculturalsantafesino.com.ar\/usina1\/wp-json\/wp\/v2\/posts\/22658\/revisions\/22660"}],"wp:featuredmedia":[{"embeddable":true,"href":"http:\/\/enteculturalsantafesino.com.ar\/usina1\/wp-json\/wp\/v2\/media\/22659"}],"wp:attachment":[{"href":"http:\/\/enteculturalsantafesino.com.ar\/usina1\/wp-json\/wp\/v2\/media?parent=22658"}],"wp:term":[{"taxonomy":"category","embeddable":true,"href":"http:\/\/enteculturalsantafesino.com.ar\/usina1\/wp-json\/wp\/v2\/categories?post=22658"},{"taxonomy":"post_tag","embeddable":true,"href":"http:\/\/enteculturalsantafesino.com.ar\/usina1\/wp-json\/wp\/v2\/tags?post=22658"}],"curies":[{"name":"wp","href":"https:\/\/api.w.org\/{rel}","templated":true}]}}