{"id":22766,"date":"2022-12-14T14:06:51","date_gmt":"2022-12-14T14:06:51","guid":{"rendered":"http:\/\/enteculturalsantafesino.com.ar\/usina1\/?p=22766"},"modified":"2022-12-14T14:06:52","modified_gmt":"2022-12-14T14:06:52","slug":"san-jorge-se-desarrollo-el-29-festival-folklorico-de-fatima","status":"publish","type":"post","link":"http:\/\/enteculturalsantafesino.com.ar\/usina1\/2022\/12\/san-jorge-se-desarrollo-el-29-festival-folklorico-de-fatima\/","title":{"rendered":"San Jorge: Se desarroll\u00f3 el 29\u00b0 Festival Folkl\u00f3rico de F\u00e1tima"},"content":{"rendered":"\n<p>C\u00f3mo cada a\u00f1o, se llev\u00f3 a cabo el festival m\u00e1s importante de la regi\u00f3n y, a pesar de una noche reprogramada por lluvia, la convocatoria de artistas y p\u00fablico fue notoria durante el fin de semana.<\/p>\n\n\n\n<p>La primera luna prevista para el viernes 9 debi\u00f3 suspenderse sobre la marcha por las inclemencias del tiempo y reprogramarse con grilla casi completa para el domingo. De esta manera el inicio de la edici\u00f3n 29 se pudo disfrutar el d\u00eda s\u00e1bado con apertura a cargo del <em>Ballet \u201cPampa y Cielo\u201d y una seguidilla de shows sobre el escenario \u201cL\u00e1zaro Flury\u201d que incluy\u00f3 a Grupo Racimo, Los Gringos, Cacho Buenaventura, Las Voces del Boquer\u00f3n y un gran cierre la madrugada con Marcos Castell\u00f3-Kaniche.En tanto que, la noche del domingo comenz\u00f3 con Ballets \u201cPalabras del Alma\u201d y \u201cPerfiles Argentinos\u201d , la m\u00fasica de Los Sanmartinianos, Los del horizonte, Los Piovanos y el cierre a cargo de Juan Fuentes.<\/em><\/p>\n\n\n\n<p>De esta manera el p\u00fablico de toda la regi\u00f3n respondi\u00f3 masivamente para compartir dos noches calurosas pero con todos los servicios de buffet a cargo de comisiones escolares de la ciudad, como es habitual.Tambi\u00e9n autoridades locales y provinciales se hicieron presentes para mostrar su apoyo y reconocimiento, junto a empresas y comercios, a la Comisi\u00f3n de la Asociaci\u00f3n Barrio F\u00e1tima que a pesar de las contingencias de las primeras horas, pudieron sortear los escollos y reorganizarse r\u00e1pidamente. No faltaron momentos de emoci\u00f3n y reconocimiento a la trayectoria y aporte a sanjorgenses que han sido part\u00edcipes de varios festivales a lo largo de los a\u00f1os. La conducci\u00f3n de ambas lunas estuvo a cargo de Claudio Ju\u00e1rez, Gabriela Baez y Rub\u00e9n Reschia que de dieron, su impronta, c\u00f3mo lo hacen en cada edici\u00f3n de este festival.<\/p>\n\n\n\n<p>Llegar\u00e1, ahora, el momento de balances y empezar a trabajar en la diagramaci\u00f3n de la 30\u00b0 festividad en diciembre 2023, con el acompa\u00f1amiento de la imagen de Ntra. Se\u00f1ora de F\u00e1tima.<\/p>\n\n\n\n<p><strong>Fuente: Conexi\u00f3n 35<\/strong><\/p>\n","protected":false},"excerpt":{"rendered":"<p>C\u00f3mo cada a\u00f1o, se llev\u00f3 a cabo el festival m\u00e1s importante de la regi\u00f3n y, a pesar [&hellip;]<\/p>\n","protected":false},"author":3,"featured_media":22767,"comment_status":"closed","ping_status":"closed","sticky":false,"template":"","format":"standard","meta":{"_jetpack_memberships_contains_paid_content":false,"footnotes":"","jetpack_publicize_message":"","jetpack_publicize_feature_enabled":true,"jetpack_social_post_already_shared":true,"jetpack_social_options":{"image_generator_settings":{"template":"highway","enabled":false}}},"categories":[16],"tags":[],"jetpack_publicize_connections":[],"jetpack_sharing_enabled":true,"jetpack_featured_media_url":"http:\/\/enteculturalsantafesino.com.ar\/usina1\/wp-content\/uploads\/2022\/12\/318994071_859934395342304_2918955223945867023_n.jpg","_links":{"self":[{"href":"http:\/\/enteculturalsantafesino.com.ar\/usina1\/wp-json\/wp\/v2\/posts\/22766"}],"collection":[{"href":"http:\/\/enteculturalsantafesino.com.ar\/usina1\/wp-json\/wp\/v2\/posts"}],"about":[{"href":"http:\/\/enteculturalsantafesino.com.ar\/usina1\/wp-json\/wp\/v2\/types\/post"}],"author":[{"embeddable":true,"href":"http:\/\/enteculturalsantafesino.com.ar\/usina1\/wp-json\/wp\/v2\/users\/3"}],"replies":[{"embeddable":true,"href":"http:\/\/enteculturalsantafesino.com.ar\/usina1\/wp-json\/wp\/v2\/comments?post=22766"}],"version-history":[{"count":1,"href":"http:\/\/enteculturalsantafesino.com.ar\/usina1\/wp-json\/wp\/v2\/posts\/22766\/revisions"}],"predecessor-version":[{"id":22768,"href":"http:\/\/enteculturalsantafesino.com.ar\/usina1\/wp-json\/wp\/v2\/posts\/22766\/revisions\/22768"}],"wp:featuredmedia":[{"embeddable":true,"href":"http:\/\/enteculturalsantafesino.com.ar\/usina1\/wp-json\/wp\/v2\/media\/22767"}],"wp:attachment":[{"href":"http:\/\/enteculturalsantafesino.com.ar\/usina1\/wp-json\/wp\/v2\/media?parent=22766"}],"wp:term":[{"taxonomy":"category","embeddable":true,"href":"http:\/\/enteculturalsantafesino.com.ar\/usina1\/wp-json\/wp\/v2\/categories?post=22766"},{"taxonomy":"post_tag","embeddable":true,"href":"http:\/\/enteculturalsantafesino.com.ar\/usina1\/wp-json\/wp\/v2\/tags?post=22766"}],"curies":[{"name":"wp","href":"https:\/\/api.w.org\/{rel}","templated":true}]}}