{"id":23056,"date":"2023-04-23T00:08:48","date_gmt":"2023-04-23T00:08:48","guid":{"rendered":"http:\/\/enteculturalsantafesino.com.ar\/usina1\/?p=23056"},"modified":"2023-04-23T00:08:50","modified_gmt":"2023-04-23T00:08:50","slug":"for-estar-la-emocion-y-el-recuerdo-se-hicieron-presentes-en-sastre","status":"publish","type":"post","link":"http:\/\/enteculturalsantafesino.com.ar\/usina1\/2023\/04\/for-estar-la-emocion-y-el-recuerdo-se-hicieron-presentes-en-sastre\/","title":{"rendered":"\u00abFor Estar\u00bb: La emoci\u00f3n y el recuerdo se hicieron presentes en Sastre"},"content":{"rendered":"\n<p>El\u00a0<strong>s\u00e1bado 22 de abril<\/strong>\u00a0en el marco del\u00a0<strong>15\u00b0 Aniversario del Ente Cultural Santafesino<\/strong>, en la cabecera del dpto. San Mart\u00edn se vivi\u00f3 una nueva jornada del programa que recorre los pueblos y ciudades del <strong>Ente Cultural Santafesino<\/strong>.<\/p>\n\n\n\n<p>El mismo cont\u00f3 con la presencia de la\u00a0<strong>responsable del Ente Cultural Santafesino Claudia Giaccone,\u00a0la Intendente de la ciudad Mar\u00eda del Carmen Amero de Brunazzo, la Secretaria de Cultura local Marcela Marchese, el Director del Liceo Municipal, Gonzalo Biotti, familiares y amigos de Guillermina Milocco, ex secretarios y directores de cultura de la comunidad y de la regi\u00f3n, autoridades educativas, artistas<\/strong>\u00a0y publico en general.<\/p>\n\n\n\n<p>En el marco de sus 15 a\u00f1os de vida, el\u00a0<strong>Ente Cultural Santafesino<\/strong>\u00a0propone plantar 15 \u00e1rboles en 15 localidades santafesinas que fueron puntales en el desarrollo de este espacio cultural.\u00a0<\/p>\n\n\n\n<p>La tercera plantaci\u00f3n se desarroll\u00f3 en el <strong>Parque del Liceo Municipal <\/strong>con el objetivo de celebrar un nuevo aniversario del Ente Cultural, recordar y homenajear a la <strong>Profesora Guillermina Milocco <\/strong>(miembro fundacional del ECS) y adherirse al 7\u00b0 a\u00f1o de creaci\u00f3n del <strong>\u00abEl Desarmadero\u00bb- Espacio Cultural<\/strong><\/p>\n\n\n\n<p>La<strong>\u00a0Lic. Claudia Giaccone\u00a0<\/strong>hizo un repaso de todo lo compartido con la ciudad de Sastre en estos quince a\u00f1os del Ente Cultural Santafesino.\u00a0<em>\u00abEsta ciudad form\u00f3 parte de los primeros pasos de esta construcci\u00f3n cultural. \u00abHoy observamos la presencia de ex funcionarios que fueron participes de este camino y nos emociona\u00bb .<\/em><\/p>\n\n\n\n<p><em>\u00abLlegar a Sastre es reencontrarse con la familia Milocco, su calidez y su arte\u00bb \u00abEstos \u00e1rboles nos dan esperanza, la cual nos permite seguir caminando y trabajando por una sociedad m\u00e1s igualitaria\u00bb<\/em><\/p>\n\n\n\n<p>A su turno en un mensaje cargado de emoci\u00f3n la<strong> Intendente Brunazzo <\/strong>agradeci\u00f3 la presencia de Claudia Giaccone y resalt\u00f3 la funci\u00f3n que lleva adelante el Ente Cultural Santafesino, el cual nuestra ciudad formaparte desde sus inicios\u00bb . <em>\u00abEs un d\u00eda muy especial cargado de recuerdos, reencuentros y felicidad\u00bb. \u00abHoy sin lugar a dudas se hace presente Guillermina entre todos nosotros<\/em>\u00ab<\/p>\n\n\n\n<p>El profesor del <strong>Liceo \u00abOlindo Strada\u00bb Federico C\u00e1neva <\/strong>enton\u00f3 las canciones <strong>\u00abNo te Vas\u00bb<\/strong> (Homenaje a Guillermina) y<strong> \u00abTodo se transforma\u00bb <\/strong>de Jorge Drexler, las cuales fueron el cierre de una ma\u00f1ana cargada de energ\u00eda y felicidad.<\/p>\n\n\n\n<p><strong>\u00abFor Estar\u00bb<\/strong><\/p>\n\n\n\n<p>Dicho programa fue pensado y puesto en el \u00abPlan 2023\u00bb con el prop\u00f3sito de involucrarnos, reflexionar y contagiar sobre la importancia de forestar, generando herramientas, est\u00edmulos y ejemplos sobre el tema en cuesti\u00f3n, promoviendo la participaci\u00f3n y visibilizaci\u00f3n de dicha acci\u00f3n cultural.<\/p>\n\n\n\n<figure class=\"wp-block-gallery columns-4 is-cropped wp-block-gallery-1 is-layout-flex wp-block-gallery-is-layout-flex\"><ul class=\"blocks-gallery-grid\"><li class=\"blocks-gallery-item\"><figure><img loading=\"lazy\" decoding=\"async\" width=\"1024\" height=\"768\" src=\"http:\/\/enteculturalsantafesino.com.ar\/usina1\/wp-content\/uploads\/2023\/04\/6386bfcb-85ce-488e-bf57-0c5f85aac18c-1024x768.jpg\" alt=\"\" data-id=\"23061\" data-full-url=\"http:\/\/enteculturalsantafesino.com.ar\/usina1\/wp-content\/uploads\/2023\/04\/6386bfcb-85ce-488e-bf57-0c5f85aac18c.jpg\" data-link=\"http:\/\/enteculturalsantafesino.com.ar\/usina1\/?attachment_id=23061\" class=\"wp-image-23061\" srcset=\"http:\/\/enteculturalsantafesino.com.ar\/usina1\/wp-content\/uploads\/2023\/04\/6386bfcb-85ce-488e-bf57-0c5f85aac18c-1024x768.jpg 1024w, http:\/\/enteculturalsantafesino.com.ar\/usina1\/wp-content\/uploads\/2023\/04\/6386bfcb-85ce-488e-bf57-0c5f85aac18c-300x225.jpg 300w, http:\/\/enteculturalsantafesino.com.ar\/usina1\/wp-content\/uploads\/2023\/04\/6386bfcb-85ce-488e-bf57-0c5f85aac18c-768x576.jpg 768w, http:\/\/enteculturalsantafesino.com.ar\/usina1\/wp-content\/uploads\/2023\/04\/6386bfcb-85ce-488e-bf57-0c5f85aac18c.jpg 1280w\" sizes=\"(max-width: 1024px) 100vw, 1024px\" \/><\/figure><\/li><li class=\"blocks-gallery-item\"><figure><img loading=\"lazy\" decoding=\"async\" width=\"1024\" height=\"768\" src=\"http:\/\/enteculturalsantafesino.com.ar\/usina1\/wp-content\/uploads\/2023\/04\/03683efa-6a6b-4035-91e1-f0ab2de684fe-1024x768.jpg\" alt=\"\" data-id=\"23060\" data-full-url=\"http:\/\/enteculturalsantafesino.com.ar\/usina1\/wp-content\/uploads\/2023\/04\/03683efa-6a6b-4035-91e1-f0ab2de684fe.jpg\" data-link=\"http:\/\/enteculturalsantafesino.com.ar\/usina1\/?attachment_id=23060\" class=\"wp-image-23060\" srcset=\"http:\/\/enteculturalsantafesino.com.ar\/usina1\/wp-content\/uploads\/2023\/04\/03683efa-6a6b-4035-91e1-f0ab2de684fe-1024x768.jpg 1024w, http:\/\/enteculturalsantafesino.com.ar\/usina1\/wp-content\/uploads\/2023\/04\/03683efa-6a6b-4035-91e1-f0ab2de684fe-300x225.jpg 300w, http:\/\/enteculturalsantafesino.com.ar\/usina1\/wp-content\/uploads\/2023\/04\/03683efa-6a6b-4035-91e1-f0ab2de684fe-768x576.jpg 768w, http:\/\/enteculturalsantafesino.com.ar\/usina1\/wp-content\/uploads\/2023\/04\/03683efa-6a6b-4035-91e1-f0ab2de684fe.jpg 1280w\" sizes=\"(max-width: 1024px) 100vw, 1024px\" \/><\/figure><\/li><li class=\"blocks-gallery-item\"><figure><img loading=\"lazy\" decoding=\"async\" width=\"1024\" height=\"768\" src=\"http:\/\/enteculturalsantafesino.com.ar\/usina1\/wp-content\/uploads\/2023\/04\/6a5bff4c-d0c9-4628-8c94-a421a0bc6588-1024x768.jpg\" alt=\"\" data-id=\"23059\" data-full-url=\"http:\/\/enteculturalsantafesino.com.ar\/usina1\/wp-content\/uploads\/2023\/04\/6a5bff4c-d0c9-4628-8c94-a421a0bc6588.jpg\" data-link=\"http:\/\/enteculturalsantafesino.com.ar\/usina1\/?attachment_id=23059\" class=\"wp-image-23059\" srcset=\"http:\/\/enteculturalsantafesino.com.ar\/usina1\/wp-content\/uploads\/2023\/04\/6a5bff4c-d0c9-4628-8c94-a421a0bc6588-1024x768.jpg 1024w, http:\/\/enteculturalsantafesino.com.ar\/usina1\/wp-content\/uploads\/2023\/04\/6a5bff4c-d0c9-4628-8c94-a421a0bc6588-300x225.jpg 300w, http:\/\/enteculturalsantafesino.com.ar\/usina1\/wp-content\/uploads\/2023\/04\/6a5bff4c-d0c9-4628-8c94-a421a0bc6588-768x576.jpg 768w, http:\/\/enteculturalsantafesino.com.ar\/usina1\/wp-content\/uploads\/2023\/04\/6a5bff4c-d0c9-4628-8c94-a421a0bc6588.jpg 1280w\" sizes=\"(max-width: 1024px) 100vw, 1024px\" \/><\/figure><\/li><li class=\"blocks-gallery-item\"><figure><img loading=\"lazy\" decoding=\"async\" width=\"1024\" height=\"768\" src=\"http:\/\/enteculturalsantafesino.com.ar\/usina1\/wp-content\/uploads\/2023\/04\/0d08f7f1-187b-4270-93e7-00079bc2dbe4-1024x768.jpg\" alt=\"\" data-id=\"23058\" data-full-url=\"http:\/\/enteculturalsantafesino.com.ar\/usina1\/wp-content\/uploads\/2023\/04\/0d08f7f1-187b-4270-93e7-00079bc2dbe4.jpg\" data-link=\"http:\/\/enteculturalsantafesino.com.ar\/usina1\/?attachment_id=23058\" class=\"wp-image-23058\" srcset=\"http:\/\/enteculturalsantafesino.com.ar\/usina1\/wp-content\/uploads\/2023\/04\/0d08f7f1-187b-4270-93e7-00079bc2dbe4-1024x768.jpg 1024w, http:\/\/enteculturalsantafesino.com.ar\/usina1\/wp-content\/uploads\/2023\/04\/0d08f7f1-187b-4270-93e7-00079bc2dbe4-300x225.jpg 300w, http:\/\/enteculturalsantafesino.com.ar\/usina1\/wp-content\/uploads\/2023\/04\/0d08f7f1-187b-4270-93e7-00079bc2dbe4-768x576.jpg 768w, http:\/\/enteculturalsantafesino.com.ar\/usina1\/wp-content\/uploads\/2023\/04\/0d08f7f1-187b-4270-93e7-00079bc2dbe4.jpg 1280w\" sizes=\"(max-width: 1024px) 100vw, 1024px\" \/><\/figure><\/li><li class=\"blocks-gallery-item\"><figure><img loading=\"lazy\" decoding=\"async\" width=\"1024\" height=\"768\" src=\"http:\/\/enteculturalsantafesino.com.ar\/usina1\/wp-content\/uploads\/2023\/04\/e5449eba-bd42-49c7-a4ed-b59bf672a764-1024x768.jpg\" alt=\"\" data-id=\"23063\" data-full-url=\"http:\/\/enteculturalsantafesino.com.ar\/usina1\/wp-content\/uploads\/2023\/04\/e5449eba-bd42-49c7-a4ed-b59bf672a764.jpg\" data-link=\"http:\/\/enteculturalsantafesino.com.ar\/usina1\/?attachment_id=23063\" class=\"wp-image-23063\" srcset=\"http:\/\/enteculturalsantafesino.com.ar\/usina1\/wp-content\/uploads\/2023\/04\/e5449eba-bd42-49c7-a4ed-b59bf672a764-1024x768.jpg 1024w, http:\/\/enteculturalsantafesino.com.ar\/usina1\/wp-content\/uploads\/2023\/04\/e5449eba-bd42-49c7-a4ed-b59bf672a764-300x225.jpg 300w, http:\/\/enteculturalsantafesino.com.ar\/usina1\/wp-content\/uploads\/2023\/04\/e5449eba-bd42-49c7-a4ed-b59bf672a764-768x576.jpg 768w, http:\/\/enteculturalsantafesino.com.ar\/usina1\/wp-content\/uploads\/2023\/04\/e5449eba-bd42-49c7-a4ed-b59bf672a764.jpg 1280w\" sizes=\"(max-width: 1024px) 100vw, 1024px\" \/><\/figure><\/li><li class=\"blocks-gallery-item\"><figure><img loading=\"lazy\" decoding=\"async\" width=\"1024\" height=\"768\" src=\"http:\/\/enteculturalsantafesino.com.ar\/usina1\/wp-content\/uploads\/2023\/04\/dd04d657-a7d6-491c-935b-0405cbb3e744-1024x768.jpg\" alt=\"\" data-id=\"23064\" data-full-url=\"http:\/\/enteculturalsantafesino.com.ar\/usina1\/wp-content\/uploads\/2023\/04\/dd04d657-a7d6-491c-935b-0405cbb3e744.jpg\" data-link=\"http:\/\/enteculturalsantafesino.com.ar\/usina1\/?attachment_id=23064\" class=\"wp-image-23064\" srcset=\"http:\/\/enteculturalsantafesino.com.ar\/usina1\/wp-content\/uploads\/2023\/04\/dd04d657-a7d6-491c-935b-0405cbb3e744-1024x768.jpg 1024w, http:\/\/enteculturalsantafesino.com.ar\/usina1\/wp-content\/uploads\/2023\/04\/dd04d657-a7d6-491c-935b-0405cbb3e744-300x225.jpg 300w, http:\/\/enteculturalsantafesino.com.ar\/usina1\/wp-content\/uploads\/2023\/04\/dd04d657-a7d6-491c-935b-0405cbb3e744-768x576.jpg 768w, http:\/\/enteculturalsantafesino.com.ar\/usina1\/wp-content\/uploads\/2023\/04\/dd04d657-a7d6-491c-935b-0405cbb3e744.jpg 1280w\" sizes=\"(max-width: 1024px) 100vw, 1024px\" \/><\/figure><\/li><li class=\"blocks-gallery-item\"><figure><img loading=\"lazy\" decoding=\"async\" width=\"1024\" height=\"768\" src=\"http:\/\/enteculturalsantafesino.com.ar\/usina1\/wp-content\/uploads\/2023\/04\/ff94e7fc-3200-4865-8208-1ff09f20c24f-1024x768.jpg\" alt=\"\" data-id=\"23065\" data-full-url=\"http:\/\/enteculturalsantafesino.com.ar\/usina1\/wp-content\/uploads\/2023\/04\/ff94e7fc-3200-4865-8208-1ff09f20c24f.jpg\" data-link=\"http:\/\/enteculturalsantafesino.com.ar\/usina1\/?attachment_id=23065\" class=\"wp-image-23065\" srcset=\"http:\/\/enteculturalsantafesino.com.ar\/usina1\/wp-content\/uploads\/2023\/04\/ff94e7fc-3200-4865-8208-1ff09f20c24f-1024x768.jpg 1024w, http:\/\/enteculturalsantafesino.com.ar\/usina1\/wp-content\/uploads\/2023\/04\/ff94e7fc-3200-4865-8208-1ff09f20c24f-300x225.jpg 300w, http:\/\/enteculturalsantafesino.com.ar\/usina1\/wp-content\/uploads\/2023\/04\/ff94e7fc-3200-4865-8208-1ff09f20c24f-768x576.jpg 768w, http:\/\/enteculturalsantafesino.com.ar\/usina1\/wp-content\/uploads\/2023\/04\/ff94e7fc-3200-4865-8208-1ff09f20c24f.jpg 1280w\" sizes=\"(max-width: 1024px) 100vw, 1024px\" \/><\/figure><\/li><li class=\"blocks-gallery-item\"><figure><img loading=\"lazy\" decoding=\"async\" width=\"1024\" height=\"768\" src=\"http:\/\/enteculturalsantafesino.com.ar\/usina1\/wp-content\/uploads\/2023\/04\/8af7d55d-d701-4101-814f-09074934b10c-1024x768.jpg\" alt=\"\" data-id=\"23066\" data-full-url=\"http:\/\/enteculturalsantafesino.com.ar\/usina1\/wp-content\/uploads\/2023\/04\/8af7d55d-d701-4101-814f-09074934b10c.jpg\" data-link=\"http:\/\/enteculturalsantafesino.com.ar\/usina1\/?attachment_id=23066\" class=\"wp-image-23066\" srcset=\"http:\/\/enteculturalsantafesino.com.ar\/usina1\/wp-content\/uploads\/2023\/04\/8af7d55d-d701-4101-814f-09074934b10c-1024x768.jpg 1024w, http:\/\/enteculturalsantafesino.com.ar\/usina1\/wp-content\/uploads\/2023\/04\/8af7d55d-d701-4101-814f-09074934b10c-300x225.jpg 300w, http:\/\/enteculturalsantafesino.com.ar\/usina1\/wp-content\/uploads\/2023\/04\/8af7d55d-d701-4101-814f-09074934b10c-768x576.jpg 768w, http:\/\/enteculturalsantafesino.com.ar\/usina1\/wp-content\/uploads\/2023\/04\/8af7d55d-d701-4101-814f-09074934b10c.jpg 1280w\" sizes=\"(max-width: 1024px) 100vw, 1024px\" \/><\/figure><\/li><\/ul><\/figure>\n\n\n\n<p><strong>Participaron en la plantaci\u00f3n:<\/strong> Docentes y alumnos de 7mo. grado de la <strong>Escuela Fiscal N\u00ba803 \u201cEmilio de Ortiz\u201d<\/strong><\/p>\n\n\n\n<p>Docentes y alumnos de 5to grado de la <strong>Escuela Fiscal N\u00ba 267 \u201cArist\u00f3bulo del Valle\u201d<\/strong><\/p>\n\n\n\n<p>Alumnos y Docentes<strong> Escuela Especial Convivir N\u00ba 2051<\/strong><\/p>\n\n\n\n<p>Alumnos y docentes de 5to. grado <strong>Escuela \u201cSan Francisco de As\u00eds\u201d<\/strong><\/p>\n\n\n\n<p>Ellos se transformaron en <strong>\u201cGuardianes de los \u00c1rboles\u201d<\/strong> y su misi\u00f3n ser\u00e1 seguir el proceso de crecimiento de esos \u00e1rboles.<\/p>\n\n\n\n<p><strong>Uno de los \u00e1rboles se plant\u00f3 frente a \u00abEl Desarmadero\u00bb- <strong>Espacio Cultural<\/strong>, con motivo de su 7\u00b0 aniversario de fundaci\u00f3n.<\/strong><\/p>\n\n\n\n<figure class=\"wp-block-gallery columns-1 is-cropped wp-block-gallery-2 is-layout-flex wp-block-gallery-is-layout-flex\"><ul class=\"blocks-gallery-grid\"><li class=\"blocks-gallery-item\"><figure><img loading=\"lazy\" decoding=\"async\" width=\"1024\" height=\"768\" src=\"http:\/\/enteculturalsantafesino.com.ar\/usina1\/wp-content\/uploads\/2023\/04\/6196289b-d527-4ecf-99b8-2d3592d91acf-1024x768.jpg\" alt=\"\" data-id=\"23062\" data-full-url=\"http:\/\/enteculturalsantafesino.com.ar\/usina1\/wp-content\/uploads\/2023\/04\/6196289b-d527-4ecf-99b8-2d3592d91acf.jpg\" data-link=\"http:\/\/enteculturalsantafesino.com.ar\/usina1\/?attachment_id=23062\" class=\"wp-image-23062\" srcset=\"http:\/\/enteculturalsantafesino.com.ar\/usina1\/wp-content\/uploads\/2023\/04\/6196289b-d527-4ecf-99b8-2d3592d91acf-1024x768.jpg 1024w, http:\/\/enteculturalsantafesino.com.ar\/usina1\/wp-content\/uploads\/2023\/04\/6196289b-d527-4ecf-99b8-2d3592d91acf-300x225.jpg 300w, http:\/\/enteculturalsantafesino.com.ar\/usina1\/wp-content\/uploads\/2023\/04\/6196289b-d527-4ecf-99b8-2d3592d91acf-768x576.jpg 768w, http:\/\/enteculturalsantafesino.com.ar\/usina1\/wp-content\/uploads\/2023\/04\/6196289b-d527-4ecf-99b8-2d3592d91acf.jpg 1280w\" sizes=\"(max-width: 1024px) 100vw, 1024px\" \/><\/figure><\/li><\/ul><\/figure>\n\n\n\n<p><\/p>\n\n\n\n<p><\/p>\n\n\n\n<ul><li><\/li><\/ul>\n","protected":false},"excerpt":{"rendered":"<p>El\u00a0s\u00e1bado 22 de abril\u00a0en el marco del\u00a015\u00b0 Aniversario del Ente Cultural Santafesino, en la cabecera del dpto. [&hellip;]<\/p>\n","protected":false},"author":3,"featured_media":23061,"comment_status":"closed","ping_status":"closed","sticky":false,"template":"","format":"standard","meta":{"_jetpack_memberships_contains_paid_content":false,"footnotes":"","jetpack_publicize_message":"","jetpack_publicize_feature_enabled":true,"jetpack_social_post_already_shared":true,"jetpack_social_options":{"image_generator_settings":{"template":"highway","enabled":false}}},"categories":[38,22],"tags":[],"jetpack_publicize_connections":[],"jetpack_sharing_enabled":true,"jetpack_featured_media_url":"http:\/\/enteculturalsantafesino.com.ar\/usina1\/wp-content\/uploads\/2023\/04\/6386bfcb-85ce-488e-bf57-0c5f85aac18c.jpg","_links":{"self":[{"href":"http:\/\/enteculturalsantafesino.com.ar\/usina1\/wp-json\/wp\/v2\/posts\/23056"}],"collection":[{"href":"http:\/\/enteculturalsantafesino.com.ar\/usina1\/wp-json\/wp\/v2\/posts"}],"about":[{"href":"http:\/\/enteculturalsantafesino.com.ar\/usina1\/wp-json\/wp\/v2\/types\/post"}],"author":[{"embeddable":true,"href":"http:\/\/enteculturalsantafesino.com.ar\/usina1\/wp-json\/wp\/v2\/users\/3"}],"replies":[{"embeddable":true,"href":"http:\/\/enteculturalsantafesino.com.ar\/usina1\/wp-json\/wp\/v2\/comments?post=23056"}],"version-history":[{"count":2,"href":"http:\/\/enteculturalsantafesino.com.ar\/usina1\/wp-json\/wp\/v2\/posts\/23056\/revisions"}],"predecessor-version":[{"id":23068,"href":"http:\/\/enteculturalsantafesino.com.ar\/usina1\/wp-json\/wp\/v2\/posts\/23056\/revisions\/23068"}],"wp:featuredmedia":[{"embeddable":true,"href":"http:\/\/enteculturalsantafesino.com.ar\/usina1\/wp-json\/wp\/v2\/media\/23061"}],"wp:attachment":[{"href":"http:\/\/enteculturalsantafesino.com.ar\/usina1\/wp-json\/wp\/v2\/media?parent=23056"}],"wp:term":[{"taxonomy":"category","embeddable":true,"href":"http:\/\/enteculturalsantafesino.com.ar\/usina1\/wp-json\/wp\/v2\/categories?post=23056"},{"taxonomy":"post_tag","embeddable":true,"href":"http:\/\/enteculturalsantafesino.com.ar\/usina1\/wp-json\/wp\/v2\/tags?post=23056"}],"curies":[{"name":"wp","href":"https:\/\/api.w.org\/{rel}","templated":true}]}}