{"id":23089,"date":"2023-05-24T04:22:30","date_gmt":"2023-05-24T04:22:30","guid":{"rendered":"http:\/\/enteculturalsantafesino.com.ar\/usina1\/?p=23089"},"modified":"2023-05-24T04:22:33","modified_gmt":"2023-05-24T04:22:33","slug":"for-estar-llego-a-diaz","status":"publish","type":"post","link":"http:\/\/enteculturalsantafesino.com.ar\/usina1\/2023\/05\/for-estar-llego-a-diaz\/","title":{"rendered":"\u00abFor Estar\u00bb lleg\u00f3 a D\u00edaz"},"content":{"rendered":"\n<p>Durante la ma\u00f1ana del martes del\u00a0<strong>martes 23 de mayo<\/strong>\u00a0en el marco del\u00a0<strong>15\u00b0 aniversario del Ente Cultural Santafesino<\/strong>, en la comunidad perteneciente al del dpto. San Jer\u00f3nimo se vivi\u00f3 una nueva jornada del programa que recorre los pueblos y ciudades del\u00a0<strong>Ente Cultural Santafesino<\/strong>.<\/p>\n\n\n\n<p>Con un emotivo y destacado acto, la responsable de cultura <strong>Griselda Bastus <\/strong>se dirigi\u00f3 a los presentes y resalt\u00f3 la importancia de formar parte de dicho espacio que visibiliza a las comunidades del interior santafesino.<\/p>\n\n\n\n<p><strong>En el marco de sus 15 a\u00f1os de vida, el\u00a0Ente Cultural Santafesino\u00a0propone plantar 15 \u00e1rboles en localidades santafesinas que forman parte de dicho espacio cultural.\u00a0<\/strong><\/p>\n\n\n\n<p>Por su parte la <strong>responsable del Ente Cultural Santafesino Claudia Giaccone<\/strong>, manifest\u00f3 el agradecimiento a la gesti\u00f3n comunal y en particular el compromiso de <strong>Griselda (Bastus), <\/strong>quien lleva con pasi\u00f3n y profesionalismo cada programa establecido por nuestro Ente Cultural.<\/p>\n\n\n\n<p><em>\u00abSin lugar a dudas cada nueva plantaci\u00f3n es una nueva esperanza y un mensaje de futuro para todos los vecinos de D\u00edaz\u00bb<\/em>, finaliz\u00f3 <strong>Giaccone<\/strong><\/p>\n\n\n\n<p>Para finalizar el acto, la <strong>Secretaria de Cultura <\/strong>hizo entrega de certificados, con la designaci\u00f3n de<strong> \u00abGuardines de los \u00e1rboles\u00bb <\/strong>a las siguientes instituciones: <em>Centro Hogar Santa Cecilia, E.E.S.O. N\u00b0318 &#8211; Ant\u00e1rtida Argentina, Escuela Primaria N\u00b0 303 -\u00abBartolom\u00e9 Mitre\u00bb, EEMPA N\u00b0 127<\/em><\/p>\n\n\n\n<p><strong>\u00abFor Estar\u00bb<\/strong><\/p>\n\n\n\n<p>Dicho programa fue pensado y puesto en el \u00abPlan 2023\u00bb con el prop\u00f3sito de involucrarnos, reflexionar y contagiar sobre la importancia de forestar, generando herramientas, est\u00edmulos y ejemplos sobre el tema en cuesti\u00f3n, promoviendo la participaci\u00f3n y visibilizaci\u00f3n de dicha acci\u00f3n cultural.<\/p>\n\n\n\n<figure class=\"wp-block-gallery columns-3 is-cropped wp-block-gallery-1 is-layout-flex wp-block-gallery-is-layout-flex\"><ul class=\"blocks-gallery-grid\"><li class=\"blocks-gallery-item\"><figure><img loading=\"lazy\" decoding=\"async\" width=\"1024\" height=\"768\" src=\"http:\/\/enteculturalsantafesino.com.ar\/usina1\/wp-content\/uploads\/2023\/05\/f90b75d4-72e6-4412-b7d8-a9d3e6a558da-1024x768.jpg\" alt=\"\" data-id=\"23096\" data-full-url=\"http:\/\/enteculturalsantafesino.com.ar\/usina1\/wp-content\/uploads\/2023\/05\/f90b75d4-72e6-4412-b7d8-a9d3e6a558da.jpg\" data-link=\"http:\/\/enteculturalsantafesino.com.ar\/usina1\/?attachment_id=23096\" class=\"wp-image-23096\" srcset=\"http:\/\/enteculturalsantafesino.com.ar\/usina1\/wp-content\/uploads\/2023\/05\/f90b75d4-72e6-4412-b7d8-a9d3e6a558da-1024x768.jpg 1024w, http:\/\/enteculturalsantafesino.com.ar\/usina1\/wp-content\/uploads\/2023\/05\/f90b75d4-72e6-4412-b7d8-a9d3e6a558da-300x225.jpg 300w, http:\/\/enteculturalsantafesino.com.ar\/usina1\/wp-content\/uploads\/2023\/05\/f90b75d4-72e6-4412-b7d8-a9d3e6a558da-768x576.jpg 768w, http:\/\/enteculturalsantafesino.com.ar\/usina1\/wp-content\/uploads\/2023\/05\/f90b75d4-72e6-4412-b7d8-a9d3e6a558da.jpg 1280w\" sizes=\"(max-width: 1024px) 100vw, 1024px\" \/><\/figure><\/li><li class=\"blocks-gallery-item\"><figure><img loading=\"lazy\" decoding=\"async\" width=\"1024\" height=\"768\" src=\"http:\/\/enteculturalsantafesino.com.ar\/usina1\/wp-content\/uploads\/2023\/05\/87384c2f-3e41-4c5a-aa5a-05f9b1f1c46b-1024x768.jpg\" alt=\"\" data-id=\"23095\" data-full-url=\"http:\/\/enteculturalsantafesino.com.ar\/usina1\/wp-content\/uploads\/2023\/05\/87384c2f-3e41-4c5a-aa5a-05f9b1f1c46b.jpg\" data-link=\"http:\/\/enteculturalsantafesino.com.ar\/usina1\/?attachment_id=23095\" class=\"wp-image-23095\" srcset=\"http:\/\/enteculturalsantafesino.com.ar\/usina1\/wp-content\/uploads\/2023\/05\/87384c2f-3e41-4c5a-aa5a-05f9b1f1c46b-1024x768.jpg 1024w, http:\/\/enteculturalsantafesino.com.ar\/usina1\/wp-content\/uploads\/2023\/05\/87384c2f-3e41-4c5a-aa5a-05f9b1f1c46b-300x225.jpg 300w, http:\/\/enteculturalsantafesino.com.ar\/usina1\/wp-content\/uploads\/2023\/05\/87384c2f-3e41-4c5a-aa5a-05f9b1f1c46b-768x576.jpg 768w, http:\/\/enteculturalsantafesino.com.ar\/usina1\/wp-content\/uploads\/2023\/05\/87384c2f-3e41-4c5a-aa5a-05f9b1f1c46b.jpg 1280w\" sizes=\"(max-width: 1024px) 100vw, 1024px\" \/><\/figure><\/li><li class=\"blocks-gallery-item\"><figure><img loading=\"lazy\" decoding=\"async\" width=\"1024\" height=\"768\" src=\"http:\/\/enteculturalsantafesino.com.ar\/usina1\/wp-content\/uploads\/2023\/05\/91c480a7-e65e-4276-90ff-71d78e9f124c-1024x768.jpg\" alt=\"\" data-id=\"23094\" data-full-url=\"http:\/\/enteculturalsantafesino.com.ar\/usina1\/wp-content\/uploads\/2023\/05\/91c480a7-e65e-4276-90ff-71d78e9f124c.jpg\" data-link=\"http:\/\/enteculturalsantafesino.com.ar\/usina1\/?attachment_id=23094\" class=\"wp-image-23094\" srcset=\"http:\/\/enteculturalsantafesino.com.ar\/usina1\/wp-content\/uploads\/2023\/05\/91c480a7-e65e-4276-90ff-71d78e9f124c-1024x768.jpg 1024w, http:\/\/enteculturalsantafesino.com.ar\/usina1\/wp-content\/uploads\/2023\/05\/91c480a7-e65e-4276-90ff-71d78e9f124c-300x225.jpg 300w, http:\/\/enteculturalsantafesino.com.ar\/usina1\/wp-content\/uploads\/2023\/05\/91c480a7-e65e-4276-90ff-71d78e9f124c-768x576.jpg 768w, http:\/\/enteculturalsantafesino.com.ar\/usina1\/wp-content\/uploads\/2023\/05\/91c480a7-e65e-4276-90ff-71d78e9f124c.jpg 1280w\" sizes=\"(max-width: 1024px) 100vw, 1024px\" \/><\/figure><\/li><li class=\"blocks-gallery-item\"><figure><img loading=\"lazy\" decoding=\"async\" width=\"1024\" height=\"768\" src=\"http:\/\/enteculturalsantafesino.com.ar\/usina1\/wp-content\/uploads\/2023\/05\/59b881ed-3d02-4058-ac11-69b3459a519a-1024x768.jpg\" alt=\"\" data-id=\"23092\" data-full-url=\"http:\/\/enteculturalsantafesino.com.ar\/usina1\/wp-content\/uploads\/2023\/05\/59b881ed-3d02-4058-ac11-69b3459a519a.jpg\" data-link=\"http:\/\/enteculturalsantafesino.com.ar\/usina1\/?attachment_id=23092\" class=\"wp-image-23092\" srcset=\"http:\/\/enteculturalsantafesino.com.ar\/usina1\/wp-content\/uploads\/2023\/05\/59b881ed-3d02-4058-ac11-69b3459a519a-1024x768.jpg 1024w, http:\/\/enteculturalsantafesino.com.ar\/usina1\/wp-content\/uploads\/2023\/05\/59b881ed-3d02-4058-ac11-69b3459a519a-300x225.jpg 300w, http:\/\/enteculturalsantafesino.com.ar\/usina1\/wp-content\/uploads\/2023\/05\/59b881ed-3d02-4058-ac11-69b3459a519a-768x576.jpg 768w, http:\/\/enteculturalsantafesino.com.ar\/usina1\/wp-content\/uploads\/2023\/05\/59b881ed-3d02-4058-ac11-69b3459a519a.jpg 1280w\" sizes=\"(max-width: 1024px) 100vw, 1024px\" \/><\/figure><\/li><li class=\"blocks-gallery-item\"><figure><img loading=\"lazy\" decoding=\"async\" width=\"1024\" height=\"768\" src=\"http:\/\/enteculturalsantafesino.com.ar\/usina1\/wp-content\/uploads\/2023\/05\/6bf68b61-6f05-42a0-9164-8b4315639e8a-1024x768.jpg\" alt=\"\" data-id=\"23091\" data-full-url=\"http:\/\/enteculturalsantafesino.com.ar\/usina1\/wp-content\/uploads\/2023\/05\/6bf68b61-6f05-42a0-9164-8b4315639e8a.jpg\" data-link=\"http:\/\/enteculturalsantafesino.com.ar\/usina1\/?attachment_id=23091\" class=\"wp-image-23091\" srcset=\"http:\/\/enteculturalsantafesino.com.ar\/usina1\/wp-content\/uploads\/2023\/05\/6bf68b61-6f05-42a0-9164-8b4315639e8a-1024x768.jpg 1024w, http:\/\/enteculturalsantafesino.com.ar\/usina1\/wp-content\/uploads\/2023\/05\/6bf68b61-6f05-42a0-9164-8b4315639e8a-300x225.jpg 300w, http:\/\/enteculturalsantafesino.com.ar\/usina1\/wp-content\/uploads\/2023\/05\/6bf68b61-6f05-42a0-9164-8b4315639e8a-768x576.jpg 768w, http:\/\/enteculturalsantafesino.com.ar\/usina1\/wp-content\/uploads\/2023\/05\/6bf68b61-6f05-42a0-9164-8b4315639e8a.jpg 1280w\" sizes=\"(max-width: 1024px) 100vw, 1024px\" \/><\/figure><\/li><li class=\"blocks-gallery-item\"><figure><img loading=\"lazy\" decoding=\"async\" width=\"1024\" height=\"768\" src=\"http:\/\/enteculturalsantafesino.com.ar\/usina1\/wp-content\/uploads\/2023\/05\/5a175d21-b5ee-417f-8e75-b5b823b8f412-1024x768.jpg\" alt=\"\" data-id=\"23090\" data-full-url=\"http:\/\/enteculturalsantafesino.com.ar\/usina1\/wp-content\/uploads\/2023\/05\/5a175d21-b5ee-417f-8e75-b5b823b8f412.jpg\" data-link=\"http:\/\/enteculturalsantafesino.com.ar\/usina1\/?attachment_id=23090\" class=\"wp-image-23090\" srcset=\"http:\/\/enteculturalsantafesino.com.ar\/usina1\/wp-content\/uploads\/2023\/05\/5a175d21-b5ee-417f-8e75-b5b823b8f412-1024x768.jpg 1024w, http:\/\/enteculturalsantafesino.com.ar\/usina1\/wp-content\/uploads\/2023\/05\/5a175d21-b5ee-417f-8e75-b5b823b8f412-300x225.jpg 300w, http:\/\/enteculturalsantafesino.com.ar\/usina1\/wp-content\/uploads\/2023\/05\/5a175d21-b5ee-417f-8e75-b5b823b8f412-768x576.jpg 768w, http:\/\/enteculturalsantafesino.com.ar\/usina1\/wp-content\/uploads\/2023\/05\/5a175d21-b5ee-417f-8e75-b5b823b8f412.jpg 1280w\" sizes=\"(max-width: 1024px) 100vw, 1024px\" \/><\/figure><\/li><\/ul><\/figure>\n","protected":false},"excerpt":{"rendered":"<p>Durante la ma\u00f1ana del martes del\u00a0martes 23 de mayo\u00a0en el marco del\u00a015\u00b0 aniversario del Ente Cultural Santafesino, [&hellip;]<\/p>\n","protected":false},"author":3,"featured_media":23093,"comment_status":"closed","ping_status":"closed","sticky":false,"template":"","format":"standard","meta":{"_jetpack_memberships_contains_paid_content":false,"footnotes":"","jetpack_publicize_message":"","jetpack_publicize_feature_enabled":true,"jetpack_social_post_already_shared":true,"jetpack_social_options":{"image_generator_settings":{"template":"highway","enabled":false}}},"categories":[62,38],"tags":[],"jetpack_publicize_connections":[],"jetpack_sharing_enabled":true,"jetpack_featured_media_url":"http:\/\/enteculturalsantafesino.com.ar\/usina1\/wp-content\/uploads\/2023\/05\/84ea2344-6ec7-4216-b61f-e525948bebc2.jpg","_links":{"self":[{"href":"http:\/\/enteculturalsantafesino.com.ar\/usina1\/wp-json\/wp\/v2\/posts\/23089"}],"collection":[{"href":"http:\/\/enteculturalsantafesino.com.ar\/usina1\/wp-json\/wp\/v2\/posts"}],"about":[{"href":"http:\/\/enteculturalsantafesino.com.ar\/usina1\/wp-json\/wp\/v2\/types\/post"}],"author":[{"embeddable":true,"href":"http:\/\/enteculturalsantafesino.com.ar\/usina1\/wp-json\/wp\/v2\/users\/3"}],"replies":[{"embeddable":true,"href":"http:\/\/enteculturalsantafesino.com.ar\/usina1\/wp-json\/wp\/v2\/comments?post=23089"}],"version-history":[{"count":1,"href":"http:\/\/enteculturalsantafesino.com.ar\/usina1\/wp-json\/wp\/v2\/posts\/23089\/revisions"}],"predecessor-version":[{"id":23097,"href":"http:\/\/enteculturalsantafesino.com.ar\/usina1\/wp-json\/wp\/v2\/posts\/23089\/revisions\/23097"}],"wp:featuredmedia":[{"embeddable":true,"href":"http:\/\/enteculturalsantafesino.com.ar\/usina1\/wp-json\/wp\/v2\/media\/23093"}],"wp:attachment":[{"href":"http:\/\/enteculturalsantafesino.com.ar\/usina1\/wp-json\/wp\/v2\/media?parent=23089"}],"wp:term":[{"taxonomy":"category","embeddable":true,"href":"http:\/\/enteculturalsantafesino.com.ar\/usina1\/wp-json\/wp\/v2\/categories?post=23089"},{"taxonomy":"post_tag","embeddable":true,"href":"http:\/\/enteculturalsantafesino.com.ar\/usina1\/wp-json\/wp\/v2\/tags?post=23089"}],"curies":[{"name":"wp","href":"https:\/\/api.w.org\/{rel}","templated":true}]}}