{"id":23099,"date":"2023-05-26T13:34:37","date_gmt":"2023-05-26T13:34:37","guid":{"rendered":"http:\/\/enteculturalsantafesino.com.ar\/usina1\/?p=23099"},"modified":"2023-05-26T13:37:32","modified_gmt":"2023-05-26T13:37:32","slug":"for-estar-se-sumo-a-los-festejos-patrios-en-montes-de-oca","status":"publish","type":"post","link":"http:\/\/enteculturalsantafesino.com.ar\/usina1\/2023\/05\/for-estar-se-sumo-a-los-festejos-patrios-en-montes-de-oca\/","title":{"rendered":"\u00abFor Estar\u00bb se sum\u00f3 a los festejos patrios en Montes de oca"},"content":{"rendered":"\n<p>En la comunidad perteneciente al dpto Belgrano, en el marco del <strong>Acto oficial por el 25 de mayo<\/strong>, se vivi\u00f3 una hermosa y emotiva jornada junto al pueblo monteoquino.<\/p>\n\n\n\n<p>La jornada patria estuvo organizada por el<strong> Jard\u00edn de Infantes Nucleados N\u00b0200 \u00abEspiguitas Doradas\u00bb<\/strong> y la <strong>Comuna local<\/strong>, contando con la presencia de la <strong>responsable del Ente Cultural Santafesino Lic. Claudia Giaccone<\/strong>, el<strong> Presidente Comunal Emanuel Sacripanti<\/strong>, la <strong>Directora de la Usina I Prof. Flavia Curone<\/strong>, el <strong>representante cultural local Juli\u00e1n Lencina<\/strong>, ex integrantes y referentes culturales del Ente Cultural Santafesino, autoridades educativas, deportivas y sociales.<\/p>\n\n\n\n<p><strong><em>\u00abFor Estar\u00bb<\/em><\/strong><\/p>\n\n\n\n<p>Dentro del programa de los festejos patrios, se realiz\u00f3 y reconoci\u00f3 al <strong>Ente Cultural Santafesino <\/strong>en su 15 a\u00f1os de vida; siendo Montes de Oca una de las localidades que formaron parte de los inicios de dicho espacio cultural.<\/p>\n\n\n\n<p>Por las inclemencias del tiempo se hicieron entrega de distintas especies  arb\u00f3reas a las entidades educativas: <strong>Escuela Fiscal N\u00b0 264 Domingo F. Sarmiento, Escuela de Ense\u00f1anza Med\u00eda N\u00b0 8120 Nuestra Se\u00f1ora de la Mercedes y el Jard\u00edn de Infantes Nucleados N\u00b0200 \u00abEspiguitas Doradas\u00bb<\/strong><\/p>\n\n\n\n<p><strong>Claudia Giaccone <\/strong>resalt\u00f3 el trabajo permanente de la comunidad en estos 15 a\u00f1os. <em>\u00abAgradecer a cada participante que apost\u00f3 y sigue apostando  a esta construcci\u00f3n colectiva, plural y federal\u00bb<\/em>. <\/p>\n\n\n\n<p><em>\u00abFor Estar\u00bb, fue pensado y puesto en el \u00abPlan 2023\u00bb con el prop\u00f3sito de involucrarnos, reflexionar y contagiar sobre la importancia de forestar, generando herramientas, est\u00edmulos y ejemplos sobre el tema en cuesti\u00f3n, promoviendo la participaci\u00f3n y visibilizaci\u00f3n de dicha acci\u00f3n cultural<\/em>, finaliz\u00f3<strong> Giaccone<\/strong>.<\/p>\n\n\n\n<figure class=\"wp-block-gallery columns-4 is-cropped wp-block-gallery-1 is-layout-flex wp-block-gallery-is-layout-flex\"><ul class=\"blocks-gallery-grid\"><li class=\"blocks-gallery-item\"><figure><img loading=\"lazy\" decoding=\"async\" width=\"1024\" height=\"593\" src=\"http:\/\/enteculturalsantafesino.com.ar\/usina1\/wp-content\/uploads\/2023\/05\/348962421_211319275040198_6920426071399779577_n-1024x593.jpg\" alt=\"\" data-id=\"23103\" data-full-url=\"http:\/\/enteculturalsantafesino.com.ar\/usina1\/wp-content\/uploads\/2023\/05\/348962421_211319275040198_6920426071399779577_n.jpg\" data-link=\"http:\/\/enteculturalsantafesino.com.ar\/usina1\/?attachment_id=23103\" class=\"wp-image-23103\" srcset=\"http:\/\/enteculturalsantafesino.com.ar\/usina1\/wp-content\/uploads\/2023\/05\/348962421_211319275040198_6920426071399779577_n-1024x593.jpg 1024w, http:\/\/enteculturalsantafesino.com.ar\/usina1\/wp-content\/uploads\/2023\/05\/348962421_211319275040198_6920426071399779577_n-300x174.jpg 300w, http:\/\/enteculturalsantafesino.com.ar\/usina1\/wp-content\/uploads\/2023\/05\/348962421_211319275040198_6920426071399779577_n-768x445.jpg 768w, http:\/\/enteculturalsantafesino.com.ar\/usina1\/wp-content\/uploads\/2023\/05\/348962421_211319275040198_6920426071399779577_n-1536x890.jpg 1536w, http:\/\/enteculturalsantafesino.com.ar\/usina1\/wp-content\/uploads\/2023\/05\/348962421_211319275040198_6920426071399779577_n.jpg 2048w\" sizes=\"(max-width: 1024px) 100vw, 1024px\" \/><\/figure><\/li><li class=\"blocks-gallery-item\"><figure><img loading=\"lazy\" decoding=\"async\" width=\"1024\" height=\"593\" src=\"http:\/\/enteculturalsantafesino.com.ar\/usina1\/wp-content\/uploads\/2023\/05\/348576452_6221452224634708_3394431006643188449_n-1024x593.jpg\" alt=\"\" data-id=\"23101\" data-full-url=\"http:\/\/enteculturalsantafesino.com.ar\/usina1\/wp-content\/uploads\/2023\/05\/348576452_6221452224634708_3394431006643188449_n.jpg\" data-link=\"http:\/\/enteculturalsantafesino.com.ar\/usina1\/?attachment_id=23101\" class=\"wp-image-23101\" srcset=\"http:\/\/enteculturalsantafesino.com.ar\/usina1\/wp-content\/uploads\/2023\/05\/348576452_6221452224634708_3394431006643188449_n-1024x593.jpg 1024w, http:\/\/enteculturalsantafesino.com.ar\/usina1\/wp-content\/uploads\/2023\/05\/348576452_6221452224634708_3394431006643188449_n-300x174.jpg 300w, http:\/\/enteculturalsantafesino.com.ar\/usina1\/wp-content\/uploads\/2023\/05\/348576452_6221452224634708_3394431006643188449_n-768x444.jpg 768w, http:\/\/enteculturalsantafesino.com.ar\/usina1\/wp-content\/uploads\/2023\/05\/348576452_6221452224634708_3394431006643188449_n-1536x889.jpg 1536w, http:\/\/enteculturalsantafesino.com.ar\/usina1\/wp-content\/uploads\/2023\/05\/348576452_6221452224634708_3394431006643188449_n.jpg 2048w\" sizes=\"(max-width: 1024px) 100vw, 1024px\" \/><\/figure><\/li><li class=\"blocks-gallery-item\"><figure><img loading=\"lazy\" decoding=\"async\" width=\"1024\" height=\"593\" src=\"http:\/\/enteculturalsantafesino.com.ar\/usina1\/wp-content\/uploads\/2023\/05\/349068203_975203726989336_8725322732510892943_n-1024x593.jpg\" alt=\"\" data-id=\"23104\" data-full-url=\"http:\/\/enteculturalsantafesino.com.ar\/usina1\/wp-content\/uploads\/2023\/05\/349068203_975203726989336_8725322732510892943_n.jpg\" data-link=\"http:\/\/enteculturalsantafesino.com.ar\/usina1\/?attachment_id=23104\" class=\"wp-image-23104\" srcset=\"http:\/\/enteculturalsantafesino.com.ar\/usina1\/wp-content\/uploads\/2023\/05\/349068203_975203726989336_8725322732510892943_n-1024x593.jpg 1024w, http:\/\/enteculturalsantafesino.com.ar\/usina1\/wp-content\/uploads\/2023\/05\/349068203_975203726989336_8725322732510892943_n-300x174.jpg 300w, http:\/\/enteculturalsantafesino.com.ar\/usina1\/wp-content\/uploads\/2023\/05\/349068203_975203726989336_8725322732510892943_n-768x445.jpg 768w, http:\/\/enteculturalsantafesino.com.ar\/usina1\/wp-content\/uploads\/2023\/05\/349068203_975203726989336_8725322732510892943_n-1536x890.jpg 1536w, http:\/\/enteculturalsantafesino.com.ar\/usina1\/wp-content\/uploads\/2023\/05\/349068203_975203726989336_8725322732510892943_n.jpg 2048w\" sizes=\"(max-width: 1024px) 100vw, 1024px\" \/><\/figure><\/li><li class=\"blocks-gallery-item\"><figure><img loading=\"lazy\" decoding=\"async\" width=\"1024\" height=\"593\" src=\"http:\/\/enteculturalsantafesino.com.ar\/usina1\/wp-content\/uploads\/2023\/05\/348636725_1453658882131549_4324782487846757119_n-1024x593.jpg\" alt=\"\" data-id=\"23102\" data-full-url=\"http:\/\/enteculturalsantafesino.com.ar\/usina1\/wp-content\/uploads\/2023\/05\/348636725_1453658882131549_4324782487846757119_n.jpg\" data-link=\"http:\/\/enteculturalsantafesino.com.ar\/usina1\/?attachment_id=23102\" class=\"wp-image-23102\" srcset=\"http:\/\/enteculturalsantafesino.com.ar\/usina1\/wp-content\/uploads\/2023\/05\/348636725_1453658882131549_4324782487846757119_n-1024x593.jpg 1024w, http:\/\/enteculturalsantafesino.com.ar\/usina1\/wp-content\/uploads\/2023\/05\/348636725_1453658882131549_4324782487846757119_n-300x174.jpg 300w, http:\/\/enteculturalsantafesino.com.ar\/usina1\/wp-content\/uploads\/2023\/05\/348636725_1453658882131549_4324782487846757119_n-768x445.jpg 768w, http:\/\/enteculturalsantafesino.com.ar\/usina1\/wp-content\/uploads\/2023\/05\/348636725_1453658882131549_4324782487846757119_n-1536x890.jpg 1536w, http:\/\/enteculturalsantafesino.com.ar\/usina1\/wp-content\/uploads\/2023\/05\/348636725_1453658882131549_4324782487846757119_n.jpg 2048w\" sizes=\"(max-width: 1024px) 100vw, 1024px\" \/><\/figure><\/li><\/ul><\/figure>\n","protected":false},"excerpt":{"rendered":"<p>En la comunidad perteneciente al dpto Belgrano, en el marco del Acto oficial por el 25 de [&hellip;]<\/p>\n","protected":false},"author":3,"featured_media":23102,"comment_status":"closed","ping_status":"closed","sticky":false,"template":"","format":"standard","meta":{"_jetpack_memberships_contains_paid_content":false,"footnotes":"","jetpack_publicize_message":"","jetpack_publicize_feature_enabled":true,"jetpack_social_post_already_shared":true,"jetpack_social_options":{"image_generator_settings":{"template":"highway","enabled":false}}},"categories":[38],"tags":[],"jetpack_publicize_connections":[],"jetpack_sharing_enabled":true,"jetpack_featured_media_url":"http:\/\/enteculturalsantafesino.com.ar\/usina1\/wp-content\/uploads\/2023\/05\/348636725_1453658882131549_4324782487846757119_n.jpg","_links":{"self":[{"href":"http:\/\/enteculturalsantafesino.com.ar\/usina1\/wp-json\/wp\/v2\/posts\/23099"}],"collection":[{"href":"http:\/\/enteculturalsantafesino.com.ar\/usina1\/wp-json\/wp\/v2\/posts"}],"about":[{"href":"http:\/\/enteculturalsantafesino.com.ar\/usina1\/wp-json\/wp\/v2\/types\/post"}],"author":[{"embeddable":true,"href":"http:\/\/enteculturalsantafesino.com.ar\/usina1\/wp-json\/wp\/v2\/users\/3"}],"replies":[{"embeddable":true,"href":"http:\/\/enteculturalsantafesino.com.ar\/usina1\/wp-json\/wp\/v2\/comments?post=23099"}],"version-history":[{"count":2,"href":"http:\/\/enteculturalsantafesino.com.ar\/usina1\/wp-json\/wp\/v2\/posts\/23099\/revisions"}],"predecessor-version":[{"id":23106,"href":"http:\/\/enteculturalsantafesino.com.ar\/usina1\/wp-json\/wp\/v2\/posts\/23099\/revisions\/23106"}],"wp:featuredmedia":[{"embeddable":true,"href":"http:\/\/enteculturalsantafesino.com.ar\/usina1\/wp-json\/wp\/v2\/media\/23102"}],"wp:attachment":[{"href":"http:\/\/enteculturalsantafesino.com.ar\/usina1\/wp-json\/wp\/v2\/media?parent=23099"}],"wp:term":[{"taxonomy":"category","embeddable":true,"href":"http:\/\/enteculturalsantafesino.com.ar\/usina1\/wp-json\/wp\/v2\/categories?post=23099"},{"taxonomy":"post_tag","embeddable":true,"href":"http:\/\/enteculturalsantafesino.com.ar\/usina1\/wp-json\/wp\/v2\/tags?post=23099"}],"curies":[{"name":"wp","href":"https:\/\/api.w.org\/{rel}","templated":true}]}}