{"id":23889,"date":"2024-06-11T17:42:04","date_gmt":"2024-06-11T17:42:04","guid":{"rendered":"http:\/\/enteculturalsantafesino.com.ar\/usina1\/?p=23889"},"modified":"2024-06-11T17:44:21","modified_gmt":"2024-06-11T17:44:21","slug":"una-invasion-de-formas-y-colores-se-hicieron-presentes-en-las-parejas","status":"publish","type":"post","link":"http:\/\/enteculturalsantafesino.com.ar\/usina1\/2024\/06\/una-invasion-de-formas-y-colores-se-hicieron-presentes-en-las-parejas\/","title":{"rendered":"Una invasi\u00f3n de \u00abformas y colores\u00bb se hicieron presentes en Las Parejas"},"content":{"rendered":"\n<p class=\"wp-block-paragraph\">En el marco del programa \u00ab<strong>Forma y Color<\/strong>\u00ab, el cual se exhibe en la\u00a0<strong>Casa del Bicentenario, <\/strong>los alumnos de las entidades educativas de la ciudad de Las Parejas recorren, descubren e interact\u00faan entre formas y colores distribuido en toda la sala de cultura.<\/p>\n\n\n\n<p class=\"wp-block-paragraph\">Desde la Direcci\u00f3n de Cultura local sumaron materiales para que cada participantes pueda crear, inspirarse y generar un v\u00ednculo con el arte, junto al acompa\u00f1amiento de la muestra constituida por artistas pl\u00e1sticos de la regi\u00f3n. <\/p>\n\n\n\n<p class=\"wp-block-paragraph\">Esta propuesta tiene como finalidad la promoci\u00f3n de los distintos de artistas pl\u00e1sticos locales y de la<strong>\u00a0Usina I (norte)<\/strong>, entre los cuales se puede mencionar a las localidades de:<strong>\u00a0Las Parejas, San Mart\u00edn de las Escobas, Bouquet, Tortugas, El Tr\u00e9bol, Sastre y Montes de Oca<\/strong>.<\/p>\n\n\n\n<p class=\"wp-block-paragraph\">Este fue el s\u00e9ptimo&nbsp;<strong>\u00abForma y Color\u201d&nbsp;<\/strong>el cual posibilita el encuentro y la inclusi\u00f3n mediante la manifestaci\u00f3n art\u00edstica de los m\u00faltiples artistas pl\u00e1sticos, los cuales ser\u00e1n expuestos y difundidos en ocho sedes distribuidas a lo largo y ancho de la provincia, m\u00e1s de mil artista pl\u00e1sticos expondr\u00e1n sus obras de arte, se\u00f1al\u00f3&nbsp;<strong>Claudia Giaccone<\/strong><\/p>\n\n\n\n<p class=\"wp-block-paragraph\">Dicho programa posee como finalidad exponer desde el mes de&nbsp;mayo, diversas obras de artistas pl\u00e1sticos, residentes en las distintas Usinas Culturales, mediante \u00abexposiciones\u00bb en espacios coordinados por cada Usina Cultural; formando parte posteriormente (de manera virtual) de la&nbsp;<a href=\"http:\/\/entecultura.com.ar\/formaycolor\/\" target=\"_blank\" rel=\"noreferrer noopener\">Galer\u00eda \u00abGuillermina Milocco\u00bb.<\/a><a href=\"http:\/\/enteculturalsantafesino.com.ar\/formaycolor\/\" target=\"_blank\" rel=\"noreferrer noopener\"><br><br>\u00abForma y Color\u00bb<\/a>&nbsp;naci\u00f3 junto al&nbsp;Ente Cultural Santafesino&nbsp;y fue creciendo en participaci\u00f3n y extensi\u00f3n territorial, posibilitando el encuentro y la inclusi\u00f3n mediante la manifestaciones art\u00edsticas de los diversos exponentes culturales en artes pl\u00e1sticas.<\/p>\n\n\n\n<figure class=\"wp-block-gallery has-nested-images columns-default is-cropped wp-block-gallery-1 is-layout-flex wp-block-gallery-is-layout-flex\">\n<figure class=\"wp-block-image size-large\"><a href=\"http:\/\/enteculturalsantafesino.com.ar\/usina1\/wp-content\/uploads\/2024\/06\/7bb47f81-919e-4bc2-be7a-d55a912f5773.jpg\" rel=\"lightbox[23889]\"><img decoding=\"async\" data-id=\"23890\" src=\"http:\/\/enteculturalsantafesino.com.ar\/usina1\/wp-content\/uploads\/2024\/06\/7bb47f81-919e-4bc2-be7a-d55a912f5773-768x1024.jpg\" alt=\"\" class=\"wp-image-23890\"\/><\/a><\/figure>\n\n\n\n<figure class=\"wp-block-image size-large\"><a href=\"http:\/\/enteculturalsantafesino.com.ar\/usina1\/wp-content\/uploads\/2024\/06\/5b887527-baea-4cd2-9d6f-724d1d96a64e.jpg\" rel=\"lightbox[23889]\"><img decoding=\"async\" data-id=\"23891\" src=\"http:\/\/enteculturalsantafesino.com.ar\/usina1\/wp-content\/uploads\/2024\/06\/5b887527-baea-4cd2-9d6f-724d1d96a64e-768x1024.jpg\" alt=\"\" class=\"wp-image-23891\"\/><\/a><\/figure>\n\n\n\n<figure class=\"wp-block-image size-large\"><a href=\"http:\/\/enteculturalsantafesino.com.ar\/usina1\/wp-content\/uploads\/2024\/06\/265bc1b1-0652-437a-83e6-004f4afcea9d.jpg\" rel=\"lightbox[23889]\"><img decoding=\"async\" data-id=\"23892\" src=\"http:\/\/enteculturalsantafesino.com.ar\/usina1\/wp-content\/uploads\/2024\/06\/265bc1b1-0652-437a-83e6-004f4afcea9d-768x1024.jpg\" alt=\"\" class=\"wp-image-23892\"\/><\/a><\/figure>\n\n\n\n<figure class=\"wp-block-image size-large\"><a href=\"http:\/\/enteculturalsantafesino.com.ar\/usina1\/wp-content\/uploads\/2024\/06\/e641ce6c-b359-457c-8741-dc13da7353bc.jpg\" rel=\"lightbox[23889]\"><img decoding=\"async\" data-id=\"23893\" src=\"http:\/\/enteculturalsantafesino.com.ar\/usina1\/wp-content\/uploads\/2024\/06\/e641ce6c-b359-457c-8741-dc13da7353bc-768x1024.jpg\" alt=\"\" class=\"wp-image-23893\"\/><\/a><\/figure>\n\n\n\n<figure class=\"wp-block-image size-large\"><a href=\"http:\/\/enteculturalsantafesino.com.ar\/usina1\/wp-content\/uploads\/2024\/06\/fff4368d-0f58-4db4-9020-2be7298dcfcd.jpg\" rel=\"lightbox[23889]\"><img decoding=\"async\" data-id=\"23894\" src=\"http:\/\/enteculturalsantafesino.com.ar\/usina1\/wp-content\/uploads\/2024\/06\/fff4368d-0f58-4db4-9020-2be7298dcfcd-1024x768.jpg\" alt=\"\" class=\"wp-image-23894\"\/><\/a><\/figure>\n<\/figure>\n","protected":false},"excerpt":{"rendered":"<p>En el marco del programa \u00abForma y Color\u00ab, el cual se exhibe en la\u00a0Casa del Bicentenario, los [&hellip;]<\/p>\n","protected":false},"author":3,"featured_media":0,"comment_status":"closed","ping_status":"closed","sticky":false,"template":"","format":"standard","meta":{"_jetpack_newsletter_access":"","_jetpack_dont_email_post_to_subs":false,"_jetpack_newsletter_tier_id":0,"_jetpack_memberships_contains_paywalled_content":false,"_jetpack_feature_clip_id":0,"_jetpack_memberships_contains_paid_content":false,"footnotes":"","jetpack_publicize_message":"","jetpack_publicize_feature_enabled":true,"jetpack_social_post_already_shared":false,"jetpack_social_options":{"image_generator_settings":{"template":"highway","default_image_id":0,"font":"","enabled":false},"version":2},"jetpack_post_was_ever_published":false},"categories":[38,10],"tags":[],"class_list":["post-23889","post","type-post","status-publish","format-standard","hentry","category-gestiones-e-c","category-las-parejas"],"jetpack_publicize_connections":[],"jetpack_sharing_enabled":true,"jetpack_featured_media_url":"","_links":{"self":[{"href":"http:\/\/enteculturalsantafesino.com.ar\/usina1\/wp-json\/wp\/v2\/posts\/23889","targetHints":{"allow":["GET"]}}],"collection":[{"href":"http:\/\/enteculturalsantafesino.com.ar\/usina1\/wp-json\/wp\/v2\/posts"}],"about":[{"href":"http:\/\/enteculturalsantafesino.com.ar\/usina1\/wp-json\/wp\/v2\/types\/post"}],"author":[{"embeddable":true,"href":"http:\/\/enteculturalsantafesino.com.ar\/usina1\/wp-json\/wp\/v2\/users\/3"}],"replies":[{"embeddable":true,"href":"http:\/\/enteculturalsantafesino.com.ar\/usina1\/wp-json\/wp\/v2\/comments?post=23889"}],"version-history":[{"count":0,"href":"http:\/\/enteculturalsantafesino.com.ar\/usina1\/wp-json\/wp\/v2\/posts\/23889\/revisions"}],"wp:attachment":[{"href":"http:\/\/enteculturalsantafesino.com.ar\/usina1\/wp-json\/wp\/v2\/media?parent=23889"}],"wp:term":[{"taxonomy":"category","embeddable":true,"href":"http:\/\/enteculturalsantafesino.com.ar\/usina1\/wp-json\/wp\/v2\/categories?post=23889"},{"taxonomy":"post_tag","embeddable":true,"href":"http:\/\/enteculturalsantafesino.com.ar\/usina1\/wp-json\/wp\/v2\/tags?post=23889"}],"curies":[{"name":"wp","href":"https:\/\/api.w.org\/{rel}","templated":true}]}}