{"id":23917,"date":"2024-06-30T13:48:12","date_gmt":"2024-06-30T13:48:12","guid":{"rendered":"http:\/\/enteculturalsantafesino.com.ar\/usina1\/?p=23917"},"modified":"2024-07-01T01:47:01","modified_gmt":"2024-07-01T01:47:01","slug":"el-torneo-provincial-de-bolitas-se-vivio-en-oliveros","status":"publish","type":"post","link":"http:\/\/enteculturalsantafesino.com.ar\/usina1\/2024\/06\/el-torneo-provincial-de-bolitas-se-vivio-en-oliveros\/","title":{"rendered":"El \u00abTorneo Provincial de Bolitas\u00bb se vivi\u00f3 en Oliveros"},"content":{"rendered":"\n<p>El d\u00eda\u00a0<strong>s\u00e1bado 29 de junio<\/strong>\u00a0se realiz\u00f3 en la comunidad del dpto Iriondo la instancia local del\u00a0<strong>\u00abTorneo Provincial de Bolitas\u00bb\u00a0<\/strong>organizado por el\u00a0<strong>Ente Cultural Santafesino\u00a0<\/strong>y coordinado por la\u00a0<strong>Biblioteca Popular Jos\u00e9 Pedroni.<\/strong><\/p>\n\n\n\n<p>El torneo local se desarroll\u00f3 en el<strong>&nbsp;predio de la entidad cultural<\/strong>. El mismo present\u00f3 4 categor\u00edas:<br>Categor\u00eda \u201cA\u201d de 8 a 12 a\u00f1os; Categor\u00eda \u201cB\u201d de 13 a 15 a\u00f1os; Categor\u00eda \u201cC\u201d de 16 a 30 a\u00f1os; y Categor\u00eda \u201cD\u201d de 31 en adelante.&nbsp;<\/p>\n\n\n\n<p><strong><em>Categor\u00eda A: Mirko Fern\u00e1ndez.<br>Categor\u00eda B: M\u00e1ximo C\u00e1ceres.<br>Categor\u00eda C: Yair Hern\u00e1ndez.<br>Categor\u00eda D: Hern\u00e1n Elizalde.<\/em><\/strong><\/p>\n\n\n\n<p>El certamen cuenta con competencias locales, luego regionales y la gran final con los finalistas provinciales.<\/p>\n\n\n\n<p><strong>El Presidente del Ente Cultural Santafesino \u2013 Franco De Crist\u00f3fano&nbsp;<\/strong>dijo que \u00ab<em>estos torneos ya son un c\u00e1sico dentro del trabajo articulado que lleva el Ente Cultural Santafesino, constituyen una experiencia conmovedora, un encuentro de norte a sur y de este a oeste de la provincia, convocando a ni\u00f1os, j\u00f3venes y adultos a un juego que remite a la nostalgia, pero que tambi\u00e9n nos permite resaltar la cultura del esfuerzo y la producci\u00f3n que tenemos los santafesinos\u00bb<\/em>.<\/p>\n","protected":false},"excerpt":{"rendered":"<p>El d\u00eda\u00a0s\u00e1bado 29 de junio\u00a0se realiz\u00f3 en la comunidad del dpto Iriondo la instancia local del\u00a0\u00abTorneo Provincial [&hellip;]<\/p>\n","protected":false},"author":3,"featured_media":23918,"comment_status":"closed","ping_status":"closed","sticky":false,"template":"","format":"standard","meta":{"_jetpack_memberships_contains_paid_content":false,"footnotes":"","jetpack_publicize_message":"","jetpack_publicize_feature_enabled":true,"jetpack_social_post_already_shared":true,"jetpack_social_options":{"image_generator_settings":{"template":"highway","enabled":false}}},"categories":[38,58],"tags":[],"jetpack_publicize_connections":[],"jetpack_sharing_enabled":true,"jetpack_featured_media_url":"http:\/\/enteculturalsantafesino.com.ar\/usina1\/wp-content\/uploads\/2024\/06\/WhatsApp-Image-2024-06-30-at-10.46.24.jpeg","_links":{"self":[{"href":"http:\/\/enteculturalsantafesino.com.ar\/usina1\/wp-json\/wp\/v2\/posts\/23917"}],"collection":[{"href":"http:\/\/enteculturalsantafesino.com.ar\/usina1\/wp-json\/wp\/v2\/posts"}],"about":[{"href":"http:\/\/enteculturalsantafesino.com.ar\/usina1\/wp-json\/wp\/v2\/types\/post"}],"author":[{"embeddable":true,"href":"http:\/\/enteculturalsantafesino.com.ar\/usina1\/wp-json\/wp\/v2\/users\/3"}],"replies":[{"embeddable":true,"href":"http:\/\/enteculturalsantafesino.com.ar\/usina1\/wp-json\/wp\/v2\/comments?post=23917"}],"version-history":[{"count":2,"href":"http:\/\/enteculturalsantafesino.com.ar\/usina1\/wp-json\/wp\/v2\/posts\/23917\/revisions"}],"predecessor-version":[{"id":23920,"href":"http:\/\/enteculturalsantafesino.com.ar\/usina1\/wp-json\/wp\/v2\/posts\/23917\/revisions\/23920"}],"wp:featuredmedia":[{"embeddable":true,"href":"http:\/\/enteculturalsantafesino.com.ar\/usina1\/wp-json\/wp\/v2\/media\/23918"}],"wp:attachment":[{"href":"http:\/\/enteculturalsantafesino.com.ar\/usina1\/wp-json\/wp\/v2\/media?parent=23917"}],"wp:term":[{"taxonomy":"category","embeddable":true,"href":"http:\/\/enteculturalsantafesino.com.ar\/usina1\/wp-json\/wp\/v2\/categories?post=23917"},{"taxonomy":"post_tag","embeddable":true,"href":"http:\/\/enteculturalsantafesino.com.ar\/usina1\/wp-json\/wp\/v2\/tags?post=23917"}],"curies":[{"name":"wp","href":"https:\/\/api.w.org\/{rel}","templated":true}]}}