{"id":23973,"date":"2024-08-12T14:10:23","date_gmt":"2024-08-12T14:10:23","guid":{"rendered":"http:\/\/enteculturalsantafesino.com.ar\/usina1\/?p=23973"},"modified":"2024-08-12T14:10:26","modified_gmt":"2024-08-12T14:10:26","slug":"las-parejas-vivio-un-nuevo-cafe-concert","status":"publish","type":"post","link":"http:\/\/enteculturalsantafesino.com.ar\/usina1\/2024\/08\/las-parejas-vivio-un-nuevo-cafe-concert\/","title":{"rendered":"Las Parejas vivi\u00f3 un nuevo Caf\u00e9 Concert"},"content":{"rendered":"\n<p>El <strong>viernes 9<\/strong> se vivi\u00f3 una gran noche, <strong>Bicentenario Caf\u00e9 Concert,<\/strong> lleg\u00f3 para cambiar las noches parejenses con su propuesta que re\u00fane tan importantes artistas que despliegan su talento en el escenario y transforman la sala.<\/p>\n\n\n\n<p>La gesti\u00f3n municipal agradece al p\u00fablico que siempre acompa\u00f1a y hace posible que esta propuesta sea un \u00e9xito.<\/p>\n\n\n\n<p>Con la conducci\u00f3n de \u00abTumba\u00bb el Variet\u00e9 Cultural brill\u00f3 sobre el escenario:<\/p>\n\n\n\n<p><img loading=\"lazy\" decoding=\"async\" height=\"16\" width=\"16\" alt=\"?\" src=\"https:\/\/static.xx.fbcdn.net\/images\/emoji.php\/v9\/t6b\/1\/16\/25fe.png\"><a><\/a>Acrobacias en Telas.<\/p>\n\n\n\n<p><img loading=\"lazy\" decoding=\"async\" height=\"16\" width=\"16\" alt=\"?\" src=\"https:\/\/static.xx.fbcdn.net\/images\/emoji.php\/v9\/t6b\/1\/16\/25fe.png\"> M\u00fasica en Vivo: Banda Prof\u00e9tica .<\/p>\n\n\n\n<p><img loading=\"lazy\" decoding=\"async\" height=\"16\" width=\"16\" alt=\"?\" src=\"https:\/\/static.xx.fbcdn.net\/images\/emoji.php\/v9\/t6b\/1\/16\/25fe.png\"> Federico Sigrist y Rodrigo Tschopp<\/p>\n\n\n\n<p><img loading=\"lazy\" decoding=\"async\" height=\"16\" width=\"16\" alt=\"?\" src=\"https:\/\/static.xx.fbcdn.net\/images\/emoji.php\/v9\/t6b\/1\/16\/25fe.png\"> Franco Vivani.<\/p>\n\n\n\n<p><img loading=\"lazy\" decoding=\"async\" height=\"16\" width=\"16\" alt=\"?\" src=\"https:\/\/static.xx.fbcdn.net\/images\/emoji.php\/v9\/t6b\/1\/16\/25fe.png\"> Show de Magia y Humor<\/p>\n\n\n\n<p><img loading=\"lazy\" decoding=\"async\" height=\"16\" width=\"16\" alt=\"?\" src=\"https:\/\/static.xx.fbcdn.net\/images\/emoji.php\/v9\/t6b\/1\/16\/25fe.png\"> Danzas.<\/p>\n\n\n\n<p><\/p>\n","protected":false},"excerpt":{"rendered":"<p>El viernes 9 se vivi\u00f3 una gran noche, Bicentenario Caf\u00e9 Concert, lleg\u00f3 para cambiar las noches parejenses [&hellip;]<\/p>\n","protected":false},"author":3,"featured_media":23974,"comment_status":"closed","ping_status":"closed","sticky":false,"template":"","format":"standard","meta":{"_jetpack_memberships_contains_paid_content":false,"footnotes":"","jetpack_publicize_message":"","jetpack_publicize_feature_enabled":true,"jetpack_social_post_already_shared":true,"jetpack_social_options":{"image_generator_settings":{"template":"highway","enabled":false}}},"categories":[10],"tags":[],"jetpack_publicize_connections":[],"jetpack_sharing_enabled":true,"jetpack_featured_media_url":"http:\/\/enteculturalsantafesino.com.ar\/usina1\/wp-content\/uploads\/2024\/08\/454890445_889749873180761_4229222156175303128_n.jpg","_links":{"self":[{"href":"http:\/\/enteculturalsantafesino.com.ar\/usina1\/wp-json\/wp\/v2\/posts\/23973"}],"collection":[{"href":"http:\/\/enteculturalsantafesino.com.ar\/usina1\/wp-json\/wp\/v2\/posts"}],"about":[{"href":"http:\/\/enteculturalsantafesino.com.ar\/usina1\/wp-json\/wp\/v2\/types\/post"}],"author":[{"embeddable":true,"href":"http:\/\/enteculturalsantafesino.com.ar\/usina1\/wp-json\/wp\/v2\/users\/3"}],"replies":[{"embeddable":true,"href":"http:\/\/enteculturalsantafesino.com.ar\/usina1\/wp-json\/wp\/v2\/comments?post=23973"}],"version-history":[{"count":1,"href":"http:\/\/enteculturalsantafesino.com.ar\/usina1\/wp-json\/wp\/v2\/posts\/23973\/revisions"}],"predecessor-version":[{"id":23975,"href":"http:\/\/enteculturalsantafesino.com.ar\/usina1\/wp-json\/wp\/v2\/posts\/23973\/revisions\/23975"}],"wp:featuredmedia":[{"embeddable":true,"href":"http:\/\/enteculturalsantafesino.com.ar\/usina1\/wp-json\/wp\/v2\/media\/23974"}],"wp:attachment":[{"href":"http:\/\/enteculturalsantafesino.com.ar\/usina1\/wp-json\/wp\/v2\/media?parent=23973"}],"wp:term":[{"taxonomy":"category","embeddable":true,"href":"http:\/\/enteculturalsantafesino.com.ar\/usina1\/wp-json\/wp\/v2\/categories?post=23973"},{"taxonomy":"post_tag","embeddable":true,"href":"http:\/\/enteculturalsantafesino.com.ar\/usina1\/wp-json\/wp\/v2\/tags?post=23973"}],"curies":[{"name":"wp","href":"https:\/\/api.w.org\/{rel}","templated":true}]}}