{"id":24012,"date":"2024-09-06T00:33:38","date_gmt":"2024-09-06T00:33:38","guid":{"rendered":"http:\/\/enteculturalsantafesino.com.ar\/usina1\/?p=24012"},"modified":"2024-09-06T00:33:41","modified_gmt":"2024-09-06T00:33:41","slug":"se-viene-la-final-del-torneo-provincial-de-bolitas","status":"publish","type":"post","link":"http:\/\/enteculturalsantafesino.com.ar\/usina1\/2024\/09\/se-viene-la-final-del-torneo-provincial-de-bolitas\/","title":{"rendered":"Se viene la final del \u00abTorneo Provincial de Bolitas\u00bb"},"content":{"rendered":"\n<p>La ciudad de San Jorge, que alberga la primera f\u00e1brica de bolitas de Sudam\u00e9rica, ser\u00e1 anfitriona el pr\u00f3ximo domingo 8 de septiembre de la final del 6\u00b0 Torneo Provincial de Bolitas, Copa \u00abProf. Orlando H. Rinesi \u00ab, de la que participaron m\u00e1s de cien localidades.<\/p>\n\n\n\n<p>Se realizar\u00e1 a partir de las 10hs en la plaza F\u00e1tima (Lisandro de la Torre y 9 de Julio) y los jugadores son provenientes de: San Martin de las Escobas, Sastre, Montes de Oca, San Jorge, Clason, Ca\u00f1ada de G\u00f3mez, Oliveros, Humberto 1\u00b0, Santo Domingo, Bella Italia, Pi\u00f1ero, Melincu\u00e9, Mar\u00eda Teresa, Villa Ca\u00f1as, Barrancas, Coronda, Hersilia, Colonia Rosa, Las Garzas e Ingeniero Chanourdier. Adem\u00e1s se sumar\u00e1n las comunidades cordobesas de: Noetinger y Cruz Alta<\/p>\n\n\n\n<p>El certamen ya cont\u00f3 con competencias locales y regionales desde mayo y\u00a0la gran final tendr\u00e1 a la ciudad de San Jorge como sede, posibilitando que los participantes recorran la f\u00e1brica de bolitas Tinka\u00a0(adem\u00e1s de ser pionera en la Argentina es la \u00fanica en su tipo de Sudam\u00e9rica).<\/p>\n\n\n\n<p>\u201cEste juego que re\u00fane a abuelos, padres e hijos es un esparcimiento sano, de muy bajo costo y sin agresiones, que aleja al ni\u00f1o de la calle y que adem\u00e1s constituye un veh\u00edculo alternativo de socializaci\u00f3n y complemento de la educaci\u00f3n formal, favoreciendo el desarrollo de la inteligencia y el pensamiento l\u00f3gico, estrat\u00e9gico y creativo\u201d, reconoci\u00f3 el presidente del Ente Cultural Santafesino, Franco De Crist\u00f3fano<\/p>\n\n\n\n<p>La responsable del Ente Cultural Santafesino, Claudia Giaccone resalt\u00f3 la importancia y pertenencia que tom\u00f3 este torneo, \u00abel cual se transformo en el m\u00e1s federal e inclusivo, no solo de nuestra provincia sino de todo el pa\u00eds\u00bb<\/p>\n","protected":false},"excerpt":{"rendered":"<p>La ciudad de San Jorge, que alberga la primera f\u00e1brica de bolitas de Sudam\u00e9rica, ser\u00e1 anfitriona el [&hellip;]<\/p>\n","protected":false},"author":3,"featured_media":24013,"comment_status":"closed","ping_status":"closed","sticky":false,"template":"","format":"standard","meta":{"_jetpack_memberships_contains_paid_content":false,"footnotes":"","jetpack_publicize_message":"","jetpack_publicize_feature_enabled":true,"jetpack_social_post_already_shared":true,"jetpack_social_options":{"image_generator_settings":{"template":"highway","enabled":false}}},"categories":[38,16],"tags":[],"jetpack_publicize_connections":[],"jetpack_sharing_enabled":true,"jetpack_featured_media_url":"http:\/\/enteculturalsantafesino.com.ar\/usina1\/wp-content\/uploads\/2024\/09\/WhatsApp-Image-2024-09-05-at-21.30.37.jpeg","_links":{"self":[{"href":"http:\/\/enteculturalsantafesino.com.ar\/usina1\/wp-json\/wp\/v2\/posts\/24012"}],"collection":[{"href":"http:\/\/enteculturalsantafesino.com.ar\/usina1\/wp-json\/wp\/v2\/posts"}],"about":[{"href":"http:\/\/enteculturalsantafesino.com.ar\/usina1\/wp-json\/wp\/v2\/types\/post"}],"author":[{"embeddable":true,"href":"http:\/\/enteculturalsantafesino.com.ar\/usina1\/wp-json\/wp\/v2\/users\/3"}],"replies":[{"embeddable":true,"href":"http:\/\/enteculturalsantafesino.com.ar\/usina1\/wp-json\/wp\/v2\/comments?post=24012"}],"version-history":[{"count":1,"href":"http:\/\/enteculturalsantafesino.com.ar\/usina1\/wp-json\/wp\/v2\/posts\/24012\/revisions"}],"predecessor-version":[{"id":24014,"href":"http:\/\/enteculturalsantafesino.com.ar\/usina1\/wp-json\/wp\/v2\/posts\/24012\/revisions\/24014"}],"wp:featuredmedia":[{"embeddable":true,"href":"http:\/\/enteculturalsantafesino.com.ar\/usina1\/wp-json\/wp\/v2\/media\/24013"}],"wp:attachment":[{"href":"http:\/\/enteculturalsantafesino.com.ar\/usina1\/wp-json\/wp\/v2\/media?parent=24012"}],"wp:term":[{"taxonomy":"category","embeddable":true,"href":"http:\/\/enteculturalsantafesino.com.ar\/usina1\/wp-json\/wp\/v2\/categories?post=24012"},{"taxonomy":"post_tag","embeddable":true,"href":"http:\/\/enteculturalsantafesino.com.ar\/usina1\/wp-json\/wp\/v2\/tags?post=24012"}],"curies":[{"name":"wp","href":"https:\/\/api.w.org\/{rel}","templated":true}]}}