{"id":24080,"date":"2024-10-22T13:15:14","date_gmt":"2024-10-22T13:15:14","guid":{"rendered":"http:\/\/enteculturalsantafesino.com.ar\/usina1\/?p=24080"},"modified":"2024-10-22T13:15:17","modified_gmt":"2024-10-22T13:15:17","slug":"agustina-martin-coronada-reina-de-la-fiesta-provincial-del-mate-2023","status":"publish","type":"post","link":"http:\/\/enteculturalsantafesino.com.ar\/usina1\/2024\/10\/agustina-martin-coronada-reina-de-la-fiesta-provincial-del-mate-2023\/","title":{"rendered":"Agustina Mart\u00edn, coronada Reina de la Fiesta Provincial del Mate 2023"},"content":{"rendered":"\n<p>La 23\u00aa edici\u00f3n de la Fiesta Provincial del Mate, celebrada en Las Rosas del 18 al 20 de octubre, concluy\u00f3 con gran \u00e9xito y la elecci\u00f3n de Agustina Mart\u00edn como la nueva reina de la festividad.<\/p>\n\n\n\n<p>La 23\u00aa edici\u00f3n de la Fiesta Provincial del Mate, celebrada en Las Rosas del 18 al 20 de octubre, fue un rotundo \u00e9xito con clima favorable y masiva asistencia de p\u00fablico, que llen\u00f3 las tres jornadas. El evento, uno de los m\u00e1s esperados del a\u00f1o en la regi\u00f3n, cont\u00f3 con la presencia del gobernador Maximiliano Pullaro y el senador Pablo Verdecchia, quienes participaron el s\u00e1bado una de las noches de la destacada fiesta.<\/p>\n\n\n\n<p>El domingo, en el cierre del encuentro, se llev\u00f3 a cabo el tradicional y esperado momento de la elecci\u00f3n y coronaci\u00f3n de la nueva reina. En esta ocasi\u00f3n, Agustina Mart\u00edn fue coronada como la Reina de la Fiesta Provincial del Mate 2023. Junto a ella, Guadalupe Tuninetti fue designada como Primera Princesa y \u00c1ngeles Ilari como Segunda Princesa.<\/p>\n\n\n\n<p>La elecci\u00f3n de la reina es siempre uno de los puntos altos del evento, ya que la ganadora representar\u00e1 a la fiesta en diversos actos culturales y promocionales durante el resto de 2024 y todo 2025. Adem\u00e1s, todas jornadas contaron con una variada oferta de espect\u00e1culos art\u00edsticos de primer nivel, que animaron al p\u00fablico con m\u00fasica y baile. Tambi\u00e9n, una feria de artesanos locales y regionales y una zona gastron\u00f3mica con diversos platos y bebidas fueron parte del atractivo que hizo de esta edici\u00f3n un punto de encuentro para la comunidad de Las Rosas y visitantes de toda la provincia.<\/p>\n","protected":false},"excerpt":{"rendered":"<p>La 23\u00aa edici\u00f3n de la Fiesta Provincial del Mate, celebrada en Las Rosas del 18 al 20 [&hellip;]<\/p>\n","protected":false},"author":3,"featured_media":24082,"comment_status":"closed","ping_status":"closed","sticky":false,"template":"","format":"standard","meta":{"_jetpack_memberships_contains_paid_content":false,"footnotes":"","jetpack_publicize_message":"","jetpack_publicize_feature_enabled":true,"jetpack_social_post_already_shared":true,"jetpack_social_options":{"image_generator_settings":{"template":"highway","enabled":false}}},"categories":[8],"tags":[],"jetpack_publicize_connections":[],"jetpack_sharing_enabled":true,"jetpack_featured_media_url":"http:\/\/enteculturalsantafesino.com.ar\/usina1\/wp-content\/uploads\/2024\/10\/multimedia.normal.a300c2ffe3166d9d.QXJlaW5hc19ub3JtYWwud2VicA.webp","_links":{"self":[{"href":"http:\/\/enteculturalsantafesino.com.ar\/usina1\/wp-json\/wp\/v2\/posts\/24080"}],"collection":[{"href":"http:\/\/enteculturalsantafesino.com.ar\/usina1\/wp-json\/wp\/v2\/posts"}],"about":[{"href":"http:\/\/enteculturalsantafesino.com.ar\/usina1\/wp-json\/wp\/v2\/types\/post"}],"author":[{"embeddable":true,"href":"http:\/\/enteculturalsantafesino.com.ar\/usina1\/wp-json\/wp\/v2\/users\/3"}],"replies":[{"embeddable":true,"href":"http:\/\/enteculturalsantafesino.com.ar\/usina1\/wp-json\/wp\/v2\/comments?post=24080"}],"version-history":[{"count":1,"href":"http:\/\/enteculturalsantafesino.com.ar\/usina1\/wp-json\/wp\/v2\/posts\/24080\/revisions"}],"predecessor-version":[{"id":24083,"href":"http:\/\/enteculturalsantafesino.com.ar\/usina1\/wp-json\/wp\/v2\/posts\/24080\/revisions\/24083"}],"wp:featuredmedia":[{"embeddable":true,"href":"http:\/\/enteculturalsantafesino.com.ar\/usina1\/wp-json\/wp\/v2\/media\/24082"}],"wp:attachment":[{"href":"http:\/\/enteculturalsantafesino.com.ar\/usina1\/wp-json\/wp\/v2\/media?parent=24080"}],"wp:term":[{"taxonomy":"category","embeddable":true,"href":"http:\/\/enteculturalsantafesino.com.ar\/usina1\/wp-json\/wp\/v2\/categories?post=24080"},{"taxonomy":"post_tag","embeddable":true,"href":"http:\/\/enteculturalsantafesino.com.ar\/usina1\/wp-json\/wp\/v2\/tags?post=24080"}],"curies":[{"name":"wp","href":"https:\/\/api.w.org\/{rel}","templated":true}]}}