{"id":24091,"date":"2024-11-04T16:30:57","date_gmt":"2024-11-04T16:30:57","guid":{"rendered":"https:\/\/enteculturalsantafesino.com.ar\/usina1\/?p=24091"},"modified":"2024-11-04T16:31:00","modified_gmt":"2024-11-04T16:31:00","slug":"de-por-aca-se-pone-en-marcha-en-busqueda-de-las-efemerides-locales","status":"publish","type":"post","link":"http:\/\/enteculturalsantafesino.com.ar\/usina1\/2024\/11\/de-por-aca-se-pone-en-marcha-en-busqueda-de-las-efemerides-locales\/","title":{"rendered":"\u00abDe por Ac\u00e1\u00bb se pone en marcha en b\u00fasqueda de las efem\u00e9rides locales"},"content":{"rendered":"\n<p>A propuesta del gestor cultural <strong>Mart\u00edn Perisset <\/strong>oriundo de la ciudad de <strong>Carcara\u00f1\u00e1<\/strong> al <strong>Ente Cultural Santafesino<\/strong>, se pone en marcha el programa <strong>\u00abDe por Ac\u00e1\u00bb<\/strong>. <\/p>\n\n\n\n<p>El mismo consiste en promover y difundir mediante la web oficial, los distintos hechos y acontecimientos hist\u00f3ricos, que sucedieron en las comunidades adheridas a dicho espacio cultural.<\/p>\n\n\n\n<p>El objetivo es que los santafesinos tengan todos los d\u00edas \u201calgo-para-recordar\u201d y desde all\u00ed incentivar el estudio de la historia de nuestras regiones<strong>. <\/strong><em><strong>\u201cAqu\u00ed no hay nada. Solo campo, dicen&#8230; En el sentido productivo de la palabra. Aqu\u00ed nunca ha pasado nada, dicen<\/strong>\u201d.<\/em> Que es lo mismo que decir que los hechos que merecen ser recordados s\u00f3lo ocurrieron y ocurren en Buenos Aires o en Europa, manifest\u00f3 <strong>Perisset<\/strong><\/p>\n\n\n\n<p><strong>EFEM\u00c9RIDES DE POR AC\u00c1 (busca desmitificar lo antedicho).<\/strong><\/p>\n\n\n\n<p>A trav\u00e9s de la lectura de libros y noticias de cada pueblo o ciudad de la regi\u00f3n se va formado el acervo de efem\u00e9rides. Actualmente estamos en condiciones de afirmar que no existe un solo d\u00eda, en que no tengamos nada destacado que recordar en la regi\u00f3n. Asimismo, este es un proyecto que estar\u00e1 siempre sin terminar, pues pasaron muchas cosas que merecen recordarse y que todav\u00eda no llegamos a recopilar. La idea es que, entre todos, de manera colectiva, vayamos nutri\u00e9ndolas, se\u00f1al\u00f3 <strong>Martin Perisset<\/strong><\/p>\n\n\n\n<p>A la memoria de <strong>Eduardo Luis F\u00e9lix Airasca<\/strong>, quien me pas\u00f3 las primeras fechas y me incit\u00f3 a continuarlas, finaliz\u00f3 <strong>Perisset<\/strong><\/p>\n","protected":false},"excerpt":{"rendered":"<p>A propuesta del gestor cultural Mart\u00edn Perisset oriundo de la ciudad de Carcara\u00f1\u00e1 al Ente Cultural Santafesino, [&hellip;]<\/p>\n","protected":false},"author":3,"featured_media":24092,"comment_status":"closed","ping_status":"closed","sticky":false,"template":"","format":"standard","meta":{"_jetpack_memberships_contains_paid_content":false,"footnotes":"","jetpack_publicize_message":"","jetpack_publicize_feature_enabled":true,"jetpack_social_post_already_shared":true,"jetpack_social_options":{"image_generator_settings":{"template":"highway","enabled":false}}},"categories":[38],"tags":[],"jetpack_publicize_connections":[],"jetpack_sharing_enabled":true,"jetpack_featured_media_url":"http:\/\/enteculturalsantafesino.com.ar\/usina1\/wp-content\/uploads\/2024\/11\/WhatsApp-Image-2024-11-04-at-12.12.49-scaled.jpeg","_links":{"self":[{"href":"http:\/\/enteculturalsantafesino.com.ar\/usina1\/wp-json\/wp\/v2\/posts\/24091"}],"collection":[{"href":"http:\/\/enteculturalsantafesino.com.ar\/usina1\/wp-json\/wp\/v2\/posts"}],"about":[{"href":"http:\/\/enteculturalsantafesino.com.ar\/usina1\/wp-json\/wp\/v2\/types\/post"}],"author":[{"embeddable":true,"href":"http:\/\/enteculturalsantafesino.com.ar\/usina1\/wp-json\/wp\/v2\/users\/3"}],"replies":[{"embeddable":true,"href":"http:\/\/enteculturalsantafesino.com.ar\/usina1\/wp-json\/wp\/v2\/comments?post=24091"}],"version-history":[{"count":1,"href":"http:\/\/enteculturalsantafesino.com.ar\/usina1\/wp-json\/wp\/v2\/posts\/24091\/revisions"}],"predecessor-version":[{"id":24093,"href":"http:\/\/enteculturalsantafesino.com.ar\/usina1\/wp-json\/wp\/v2\/posts\/24091\/revisions\/24093"}],"wp:featuredmedia":[{"embeddable":true,"href":"http:\/\/enteculturalsantafesino.com.ar\/usina1\/wp-json\/wp\/v2\/media\/24092"}],"wp:attachment":[{"href":"http:\/\/enteculturalsantafesino.com.ar\/usina1\/wp-json\/wp\/v2\/media?parent=24091"}],"wp:term":[{"taxonomy":"category","embeddable":true,"href":"http:\/\/enteculturalsantafesino.com.ar\/usina1\/wp-json\/wp\/v2\/categories?post=24091"},{"taxonomy":"post_tag","embeddable":true,"href":"http:\/\/enteculturalsantafesino.com.ar\/usina1\/wp-json\/wp\/v2\/tags?post=24091"}],"curies":[{"name":"wp","href":"https:\/\/api.w.org\/{rel}","templated":true}]}}