{"id":24113,"date":"2024-11-25T03:07:14","date_gmt":"2024-11-25T03:07:14","guid":{"rendered":"https:\/\/enteculturalsantafesino.com.ar\/usina1\/?p=24113"},"modified":"2024-11-25T03:07:17","modified_gmt":"2024-11-25T03:07:17","slug":"la-fiesta-de-los-pueblos-2024-se-pone-en-marcha-en-cada-rincon-santafesino","status":"publish","type":"post","link":"http:\/\/enteculturalsantafesino.com.ar\/usina1\/2024\/11\/la-fiesta-de-los-pueblos-2024-se-pone-en-marcha-en-cada-rincon-santafesino\/","title":{"rendered":"La \u00abFiesta de los Pueblos 2024\u00bb se pone en marcha en cada rinc\u00f3n santafesino"},"content":{"rendered":"\n<p>Una nueva edici\u00f3n de la <strong>\u00abFiesta de los Pueblos\u00bb <\/strong>se pondr\u00e1 en marcha a trav\u00e9s del <strong>Ente Cultural\u00a0Santafesino,<\/strong>\u00a0reconociendo la labor de los distintos participantes activos durante el a\u00f1o 2024 dentro de dicho espacio cultural santafesino.<\/p>\n\n\n\n<p>Con la realizaci\u00f3n de cuatro jornadas,\u00a0el Equipo Directivo se dispone a desarrollar el repaso y distinci\u00f3n a la labor de los distintos participantes y sus programas ejecutados durante el corriente a\u00f1o dentro de este trabajo; participativo y pluralista integrado por m\u00e1s de 125 comunidades santafesinas.<\/p>\n\n\n\n<p>La\u00a0<strong>\u201cFiesta de los Pueblos\u201d<\/strong>\u00a0es el encuentro de la cultura santafesina gestada desde el interior, la cual tiene como objetivo primordial, difundir y promover el quehacer cultural de los pueblos y ciudades de la provincia de Santa Fe, permitiendo la entrega de las producciones y reconocimientos de los distintos Programas Culturales, entre los que se destacan:\u00a0<em>\u201cDe Pueblo en Pueblo\u00bb\u00bb, \u201cClave de Cuento\u201d, \u201cHacelo Corto\u201d, \u201dCampeones\u00bb, \u201cTorneo Provincial de Bolitas\u201d, \u201cCompartiendo Cultura\u201d, \u00abArte en Pelotas\u00bb, \u00abCOOLtura\u00bb, \u00abForma y Color\u00bb, \u00abPremio Provincial Julio Migno\u00bb, \u00abGuitarreros\u00bb, \u00abAbanderados\u00bb, \u00abENTEatro\u00bb<\/em>; e<em>ntre otros.<\/em><\/p>\n\n\n\n<p>Las sedes para esta nueva edici\u00f3n de la<strong>\u00a0\u201cFiesta de los Pueblos 2024\u201d<\/strong>\u00a0ser\u00e1n:<\/p>\n\n\n\n<p><strong>S\u00e1bado 7: Las Toscas \u2013 Usina VII<\/strong><\/p>\n\n\n\n<p><strong>Mi\u00e9rcoles 11: Las Parejas \u2013 Usina I y IV<\/strong><\/p>\n\n\n\n<p><strong>Jueves 12: Ataliva \u2013 Usina II y V<\/strong><\/p>\n\n\n\n<p><strong>Lunes 16: Melincu\u00e9 &#8211; Usina III<\/strong><\/p>\n\n\n\n<p><strong>Mi\u00e9rcoles 18: San Marcos Sud &#8211; Ente Cultural Cordob\u00e9s<\/strong><\/p>\n\n\n\n<p> <strong>Espect\u00e1culos, muestras y la presencia de representantes culturales santafesinos, cordobeses y entrerrianos, dir\u00e1n presentes para el desarrollo de un cierre de a\u00f1o que quedar\u00e1 marcado en las matrices de este espacio cultural, cooperativo, pluralista, regional y federal<\/strong>.<\/p>\n","protected":false},"excerpt":{"rendered":"<p>Una nueva edici\u00f3n de la \u00abFiesta de los Pueblos\u00bb se pondr\u00e1 en marcha a trav\u00e9s del Ente [&hellip;]<\/p>\n","protected":false},"author":3,"featured_media":24114,"comment_status":"closed","ping_status":"closed","sticky":false,"template":"","format":"standard","meta":{"_jetpack_memberships_contains_paid_content":false,"footnotes":"","jetpack_publicize_message":"","jetpack_publicize_feature_enabled":true,"jetpack_social_post_already_shared":true,"jetpack_social_options":{"image_generator_settings":{"template":"highway","enabled":false}}},"categories":[38,10],"tags":[],"jetpack_publicize_connections":[],"jetpack_sharing_enabled":true,"jetpack_featured_media_url":"http:\/\/enteculturalsantafesino.com.ar\/usina1\/wp-content\/uploads\/2024\/11\/IMG_3276.jpeg","_links":{"self":[{"href":"http:\/\/enteculturalsantafesino.com.ar\/usina1\/wp-json\/wp\/v2\/posts\/24113"}],"collection":[{"href":"http:\/\/enteculturalsantafesino.com.ar\/usina1\/wp-json\/wp\/v2\/posts"}],"about":[{"href":"http:\/\/enteculturalsantafesino.com.ar\/usina1\/wp-json\/wp\/v2\/types\/post"}],"author":[{"embeddable":true,"href":"http:\/\/enteculturalsantafesino.com.ar\/usina1\/wp-json\/wp\/v2\/users\/3"}],"replies":[{"embeddable":true,"href":"http:\/\/enteculturalsantafesino.com.ar\/usina1\/wp-json\/wp\/v2\/comments?post=24113"}],"version-history":[{"count":1,"href":"http:\/\/enteculturalsantafesino.com.ar\/usina1\/wp-json\/wp\/v2\/posts\/24113\/revisions"}],"predecessor-version":[{"id":24115,"href":"http:\/\/enteculturalsantafesino.com.ar\/usina1\/wp-json\/wp\/v2\/posts\/24113\/revisions\/24115"}],"wp:featuredmedia":[{"embeddable":true,"href":"http:\/\/enteculturalsantafesino.com.ar\/usina1\/wp-json\/wp\/v2\/media\/24114"}],"wp:attachment":[{"href":"http:\/\/enteculturalsantafesino.com.ar\/usina1\/wp-json\/wp\/v2\/media?parent=24113"}],"wp:term":[{"taxonomy":"category","embeddable":true,"href":"http:\/\/enteculturalsantafesino.com.ar\/usina1\/wp-json\/wp\/v2\/categories?post=24113"},{"taxonomy":"post_tag","embeddable":true,"href":"http:\/\/enteculturalsantafesino.com.ar\/usina1\/wp-json\/wp\/v2\/tags?post=24113"}],"curies":[{"name":"wp","href":"https:\/\/api.w.org\/{rel}","templated":true}]}}