{"id":24116,"date":"2024-11-25T15:57:04","date_gmt":"2024-11-25T15:57:04","guid":{"rendered":"https:\/\/enteculturalsantafesino.com.ar\/usina1\/?p=24116"},"modified":"2024-11-25T15:57:07","modified_gmt":"2024-11-25T15:57:07","slug":"miles-de-canadenses-colmaron-la-plaza-san-martin-en-las-dos-noches-de-las-colectividades-2024","status":"publish","type":"post","link":"http:\/\/enteculturalsantafesino.com.ar\/usina1\/2024\/11\/miles-de-canadenses-colmaron-la-plaza-san-martin-en-las-dos-noches-de-las-colectividades-2024\/","title":{"rendered":"Miles de ca\u00f1adenses colmaron la Plaza San Mart\u00edn en las dos noches de las \u00abColectividades 2024\u00bb"},"content":{"rendered":"\n<p>Este fin de semana, la Plaza San Mart\u00edn se convirti\u00f3 en el epicentro de la edici\u00f3n 2024 de las Fiestas de Colectividades. Miles de vecinos disfrutaron de una propuesta cultural y gastron\u00f3mica \u00fanica que incluy\u00f3 seis stands de comidas t\u00edpicas, espect\u00e1culos musicales, danzas tradicionales de diferentes colectividades y feria de emprendedores locales.<\/p>\n\n\n\n<p>El intendente Mat\u00edas Chale expres\u00f3: \u00abFue una verdadera fiesta gastron\u00f3mica y cultural que reuni\u00f3 a las familias ca\u00f1adenses en la Plaza San Mart\u00edn. Agradecemos a todos los que trabajaron y participaron para hacer de estas dos noches un evento inolvidable para la comunidad\u00bb.<\/p>\n\n\n\n<p>Una programaci\u00f3n diversa y vibrante<\/p>\n\n\n\n<p>El s\u00e1bado, las actividades comenzaron con el desfile y continuaron con una variedad de presentaciones art\u00edsticas que resaltan las tradiciones de distintas culturas:<\/p>\n\n\n\n<p>Espa\u00f1a: Tangos y Sevillanas, Taller Infantil de la Asociaci\u00f3n Espa\u00f1ola \u201cGitanitas\u201d.<\/p>\n\n\n\n<p>Siria: Danzas \u00c1rabes de la Escuela Municipal \u201cPedro Re\u00fcn\u201d.<\/p>\n\n\n\n<p>Argentina: Ballet Folkl\u00f3rico \u201cEl Ch\u00facaro, Santiago Ayala\u201d y el Ballet Latinoamericano de Rosario.<\/p>\n\n\n\n<p>Costa Rica: Bailes populares a cargo del grupo Querube.<\/p>\n\n\n\n<p>Espa\u00f1a: Taller de Adultos de la Asociaci\u00f3n Espa\u00f1ola \u201cLas de Triana\u201d con Alegr\u00edas de C\u00e1diz y Sevillanas.<\/p>\n\n\n\n<p>El cierre de la noche estuvo a cargo del grupo Parejenses.<\/p>\n\n\n\n<p>En tanto, el domingo, la programaci\u00f3n continu\u00f3 con m\u00e1s espect\u00e1culos que disfrutaron los presentes desde las 19 hs:<\/p>\n\n\n\n<p>Siria: Danzas \u00c1rabes de la Escuela Municipal \u201cPedro Re\u00fcn\u201d.<\/p>\n\n\n\n<p>Espa\u00f1a: Grupo \u201cAlma Flamenca\u201d.<\/p>\n\n\n\n<p>Argentina: Escuela de Ballet \u201cHuayra Kamby\u201d, una pareja de tango, Malvina y Mauricio, y el Ballet \u201cCa\u00f1ada de G\u00f3mez\u201d del Club Sarmiento.<\/p>\n\n\n\n<p>Italia: Grupo de Folklore Italiano del Teatro Verdi.<\/p>\n\n\n\n<p>El cierre del evento estuvo a cargo de Aclamado Amistad.<\/p>\n","protected":false},"excerpt":{"rendered":"<p>Este fin de semana, la Plaza San Mart\u00edn se convirti\u00f3 en el epicentro de la edici\u00f3n 2024 [&hellip;]<\/p>\n","protected":false},"author":3,"featured_media":24117,"comment_status":"closed","ping_status":"closed","sticky":false,"template":"","format":"standard","meta":{"_jetpack_memberships_contains_paid_content":false,"footnotes":"","jetpack_publicize_message":"","jetpack_publicize_feature_enabled":true,"jetpack_social_post_already_shared":true,"jetpack_social_options":{"image_generator_settings":{"template":"highway","enabled":false}}},"categories":[11],"tags":[],"jetpack_publicize_connections":[],"jetpack_sharing_enabled":true,"jetpack_featured_media_url":"http:\/\/enteculturalsantafesino.com.ar\/usina1\/wp-content\/uploads\/2024\/11\/WhatsApp-Image-2024-11-25-at-08.27.31-1536x1005-1.jpeg","_links":{"self":[{"href":"http:\/\/enteculturalsantafesino.com.ar\/usina1\/wp-json\/wp\/v2\/posts\/24116"}],"collection":[{"href":"http:\/\/enteculturalsantafesino.com.ar\/usina1\/wp-json\/wp\/v2\/posts"}],"about":[{"href":"http:\/\/enteculturalsantafesino.com.ar\/usina1\/wp-json\/wp\/v2\/types\/post"}],"author":[{"embeddable":true,"href":"http:\/\/enteculturalsantafesino.com.ar\/usina1\/wp-json\/wp\/v2\/users\/3"}],"replies":[{"embeddable":true,"href":"http:\/\/enteculturalsantafesino.com.ar\/usina1\/wp-json\/wp\/v2\/comments?post=24116"}],"version-history":[{"count":1,"href":"http:\/\/enteculturalsantafesino.com.ar\/usina1\/wp-json\/wp\/v2\/posts\/24116\/revisions"}],"predecessor-version":[{"id":24118,"href":"http:\/\/enteculturalsantafesino.com.ar\/usina1\/wp-json\/wp\/v2\/posts\/24116\/revisions\/24118"}],"wp:featuredmedia":[{"embeddable":true,"href":"http:\/\/enteculturalsantafesino.com.ar\/usina1\/wp-json\/wp\/v2\/media\/24117"}],"wp:attachment":[{"href":"http:\/\/enteculturalsantafesino.com.ar\/usina1\/wp-json\/wp\/v2\/media?parent=24116"}],"wp:term":[{"taxonomy":"category","embeddable":true,"href":"http:\/\/enteculturalsantafesino.com.ar\/usina1\/wp-json\/wp\/v2\/categories?post=24116"},{"taxonomy":"post_tag","embeddable":true,"href":"http:\/\/enteculturalsantafesino.com.ar\/usina1\/wp-json\/wp\/v2\/tags?post=24116"}],"curies":[{"name":"wp","href":"https:\/\/api.w.org\/{rel}","templated":true}]}}