{"id":24142,"date":"2024-12-30T15:11:26","date_gmt":"2024-12-30T15:11:26","guid":{"rendered":"https:\/\/enteculturalsantafesino.com.ar\/usina1\/?p=24142"},"modified":"2024-12-30T15:11:29","modified_gmt":"2024-12-30T15:11:29","slug":"se-confirmaron-los-artistas-destacados-para-las-tres-lunas-2025","status":"publish","type":"post","link":"http:\/\/enteculturalsantafesino.com.ar\/usina1\/2024\/12\/se-confirmaron-los-artistas-destacados-para-las-tres-lunas-2025\/","title":{"rendered":"Se confirmaron los artistas destacados para Las Tres Lunas 2025"},"content":{"rendered":"\n<p>Grandes int\u00e9rpretes participar\u00e1n de la edici\u00f3n 2025 del festival folkl\u00f3rico m\u00e1s importante de la regi\u00f3n que se realizar\u00e1 del 13 al 16 de febrero.<\/p>\n\n\n\n<p>En la ma\u00f1ana de este lunes se realiz\u00f3 la presentaci\u00f3n oficial de los artistas destacados que estar\u00e1n en la pr\u00f3xima edici\u00f3n de Las Tres Lunas. Le edici\u00f3n 2025 del festival folkl\u00f3rico ca\u00f1adense m\u00e1s importante de la regi\u00f3n se desarrollar\u00e1 del jueves 13 al domingo 16 de febrero. En esta ocasi\u00f3n ser\u00e1n 4 noches, comenzando con \u00abLa Luna rock\u00bb el d\u00eda jueves, con artistas locales y regionales. El d\u00eda viernes ser\u00e1 una mixtura de artistas folkl\u00f3ricos, populares, y un cierre a pura cumbia. Y los d\u00edas s\u00e1bado y domingo se vivir\u00e1 a puro folklore con grandes n\u00fameros musicales y algunos de los m\u00e1ximos referentes del folklore argentino.<\/p>\n\n\n\n<p>Adem\u00e1s de los artistas destacados, se sumar\u00e1n al escenario una gran cantidad de artistas de todo el pa\u00eds que hayan sido seleccionados por el comit\u00e9 organizador.&nbsp;\u00abLa inscripci\u00f3n fue muy grande, m\u00e1s de 180 artistas de la regi\u00f3n y de todo el pa\u00eds se anotaron para participar de esta edici\u00f3n\u00bb, dijo el Intendente de Ca\u00f1ada de G\u00f3mez, Mat\u00edas Chale, en rueda de prensa. En tanto que Mario Laur\u00eda, representante del comit\u00e9 organizador de Las Tres Lunas, expres\u00f3: \u00abNo solamente tenemos una estrella final, sino que durante toda la noche vamos a tener lindos espect\u00e1culos para ver, desde el comienzo hasta que termine\u00bb. Finalmente, la secretaria de Cultura de la municipalidad, Romina Cirioni, detall\u00f3 los criterios que se tuvieron en cuenta para la selecci\u00f3n de los artistas que completar\u00e1n la grilla: \u00abLos criterios son que haya un grupo musical conformado, que venga trabajando y dedic\u00e1ndose a eso, que hayan tenido presentaciones en el a\u00f1o, que toquen m\u00fasica en vivo, es decir que no canten con pistas, y algunas cuestiones t\u00e9cnicas menores\u00bb.<strong>&nbsp;<\/strong><\/p>\n\n\n\n<p><strong>Adelanto de la Grilla completa<\/strong><\/p>\n\n\n\n<p>El d\u00eda jueves 13 ser\u00e1 la \u00abLuna Rock\u00bb con bandas locales y regionales, con la presencia confirmada de&nbsp;<strong>Coki Debernardi<\/strong>, el m\u00fasico oriundo de nuestra ciudad de gran trayectoria, y&nbsp;<strong>Los Salieris de Charly<\/strong>, una banda tributo a Charly Garc\u00eda con m\u00fasicos de Ca\u00f1ada y de la regi\u00f3n que est\u00e1n actualmente realizando presentaciones en distintos puntos del pa\u00eds, incluso en el exterior.<\/p>\n\n\n\n<p>El viernes las presentaciones m\u00e1s importantes incluyen un \u00abdoble cierre\u00bb con dos estilos muy diferenciados: Por una lado la dupla&nbsp;<strong>Juan Carlos Baglietto y Lito Vitale<\/strong>, estos dos artistas de trascendencia nacional e internacional estar\u00e1n presentes en la segunda noche para regalarle al publico ca\u00f1adense y de la regi\u00f3n todos sus cl\u00e1sicos. Y cerrando la noche del viernes a puro ritmo de cumbia estar\u00e1&nbsp;<strong>Mario Pereyra<\/strong>, el oriundo de Coronda, y uno de los m\u00e1ximos referentes de la cumbia santafesina, brindar\u00e1 un show repasando todos sus grandes \u00e9xitos.<\/p>\n\n\n\n<p>Llegando al d\u00eda s\u00e1bado, se vivir\u00e1 una noche a puro folklore con la presentaci\u00f3n de&nbsp;<strong>Natal\u00ed Giffi<\/strong>, la gran cantante y violinista oriunda de la Ciudad de Buenos Aires;&nbsp;<strong>La Bruja Salguero<\/strong>, la cantante riojana de ra\u00edz folkl\u00f3rica y una de las referentes de la nueva generaci\u00f3n de artistas populares del pa\u00eds; y cerrar\u00e1 la noche&nbsp;<strong>Franco Massignani<\/strong>, el cantor, compositor y multi instrumentista ca\u00f1adense quien brillar\u00e1 en la tercera noche de Las Lunas.<\/p>\n\n\n\n<p>Y finalmente el d\u00eda domingo se propone como una jornada con variadas presentaciones de artistas locales, regionales y nacionales. Entre distintos ballets folkl\u00f3ricos y grandes int\u00e9rpretes a lo largo de la noche. Esta \u00faltima noche de Las Tres Lunas cerrar\u00e1 con&nbsp;<strong>Jorge Rojas<\/strong>, el cantautor y compositor neuquino, ex Nochero, y uno de los m\u00e1ximos referentes del folklore argentino, se presentar\u00e1 con toda su m\u00fasica para cerrar la edici\u00f3n 2025.<\/p>\n","protected":false},"excerpt":{"rendered":"<p>Grandes int\u00e9rpretes participar\u00e1n de la edici\u00f3n 2025 del festival folkl\u00f3rico m\u00e1s importante de la regi\u00f3n que se [&hellip;]<\/p>\n","protected":false},"author":3,"featured_media":24143,"comment_status":"closed","ping_status":"closed","sticky":false,"template":"","format":"standard","meta":{"_jetpack_memberships_contains_paid_content":false,"footnotes":"","jetpack_publicize_message":"","jetpack_publicize_feature_enabled":true,"jetpack_social_post_already_shared":true,"jetpack_social_options":{"image_generator_settings":{"template":"highway","enabled":false}}},"categories":[11],"tags":[],"jetpack_publicize_connections":[],"jetpack_sharing_enabled":true,"jetpack_featured_media_url":"http:\/\/enteculturalsantafesino.com.ar\/usina1\/wp-content\/uploads\/2024\/12\/3-lunas-1024x576-1.png","_links":{"self":[{"href":"http:\/\/enteculturalsantafesino.com.ar\/usina1\/wp-json\/wp\/v2\/posts\/24142"}],"collection":[{"href":"http:\/\/enteculturalsantafesino.com.ar\/usina1\/wp-json\/wp\/v2\/posts"}],"about":[{"href":"http:\/\/enteculturalsantafesino.com.ar\/usina1\/wp-json\/wp\/v2\/types\/post"}],"author":[{"embeddable":true,"href":"http:\/\/enteculturalsantafesino.com.ar\/usina1\/wp-json\/wp\/v2\/users\/3"}],"replies":[{"embeddable":true,"href":"http:\/\/enteculturalsantafesino.com.ar\/usina1\/wp-json\/wp\/v2\/comments?post=24142"}],"version-history":[{"count":1,"href":"http:\/\/enteculturalsantafesino.com.ar\/usina1\/wp-json\/wp\/v2\/posts\/24142\/revisions"}],"predecessor-version":[{"id":24144,"href":"http:\/\/enteculturalsantafesino.com.ar\/usina1\/wp-json\/wp\/v2\/posts\/24142\/revisions\/24144"}],"wp:featuredmedia":[{"embeddable":true,"href":"http:\/\/enteculturalsantafesino.com.ar\/usina1\/wp-json\/wp\/v2\/media\/24143"}],"wp:attachment":[{"href":"http:\/\/enteculturalsantafesino.com.ar\/usina1\/wp-json\/wp\/v2\/media?parent=24142"}],"wp:term":[{"taxonomy":"category","embeddable":true,"href":"http:\/\/enteculturalsantafesino.com.ar\/usina1\/wp-json\/wp\/v2\/categories?post=24142"},{"taxonomy":"post_tag","embeddable":true,"href":"http:\/\/enteculturalsantafesino.com.ar\/usina1\/wp-json\/wp\/v2\/tags?post=24142"}],"curies":[{"name":"wp","href":"https:\/\/api.w.org\/{rel}","templated":true}]}}