{"id":24193,"date":"2025-02-10T12:18:10","date_gmt":"2025-02-10T12:18:10","guid":{"rendered":"https:\/\/enteculturalsantafesino.com.ar\/usina1\/?p=24193"},"modified":"2025-02-10T12:18:12","modified_gmt":"2025-02-10T12:18:12","slug":"abanderados-llega-al-monumento-a-la-bandera-en-rosario","status":"publish","type":"post","link":"http:\/\/enteculturalsantafesino.com.ar\/usina1\/2025\/02\/abanderados-llega-al-monumento-a-la-bandera-en-rosario\/","title":{"rendered":"\u00abAbanderados\u00bb llega al Monumento a la Bandera en Rosario"},"content":{"rendered":"\n<p>Este\u00a0<strong>viernes 14 de febrero<\/strong>\u00a0desde las\u00a0<strong>19hs<\/strong>\u00a0en <strong>Sala de las Banderas<\/strong> se inaugurar\u00e1 oficialmente la muestra itinerante\u00a0<strong>\u00abAbanderados\u00bb<\/strong><\/p>\n\n\n\n<p>\u00a0A trav\u00e9s del\u00a0<strong>Ente Cultural Santafesino<\/strong>\u00a0y<strong>\u00a0Cordob\u00e9s<\/strong> y el <strong>Monumento a la Bandera<\/strong>\u00a0junto a comunidades que integran a dichos espacios culturales, expondr\u00e1n sus ense\u00f1as representativas permitiendo descubrir su historia e identidad, mediante una producci\u00f3n de confraternidad y federalismo entre todos los participantes.<\/p>\n\n\n\n<p>La <strong>responsable del Ente Cultural Santafesino Lic. Claudia Giaccone<\/strong>, se\u00f1al\u00f3 que <em>\u00abdicho programa inicia su recorrido en nuestro Monumento a la Bandera\u00bb. \u00abEstamos felices que esta propuesta nos permita seguir promoviendo la historia, identidad y sentir de nuestros pueblos y ciudades santafesinos y cordobeses\u00bb<\/em>\u00bb\u00a0<em>\u00abNuestras banderas representan identidad, pertenencia, libertad y confraternidad. Es la expresi\u00f3n de una historia com\u00fan, con el esfuerzo y la esperanza de hombres y mujeres, que nacieron en cada pueblo y ciudad que vinieron a poblarla\u00bb.<\/em><\/p>\n\n\n\n<p><strong>\u00abAbanderados\u00bb<\/strong>\u00a0nos permitir\u00e1 descubrir banderas de localidades de nuestro norte , centro y sur santafesino, como as\u00ed tambi\u00e9n las del sudeste cordob\u00e9s, contando con una gu\u00eda hist\u00f3rica y la posibilidad de seguir generando y creando nuevas banderas en pueblos y ciudades que a\u00fan no las tengan\u00bb finaliz\u00f3 Giaccone<\/p>\n\n\n\n<p>Por ultimo, remarco que esta propuesta seguir\u00e1 girando en cada una de las comunidades que sumen su bandera y permitir\u00e1 ampliar nuestra agenda cultural en cada rinc\u00f3n santafesino y cordob\u00e9s\u00bb<\/p>\n","protected":false},"excerpt":{"rendered":"<p>Este\u00a0viernes 14 de febrero\u00a0desde las\u00a019hs\u00a0en Sala de las Banderas se inaugurar\u00e1 oficialmente la muestra itinerante\u00a0\u00abAbanderados\u00bb \u00a0A trav\u00e9s [&hellip;]<\/p>\n","protected":false},"author":3,"featured_media":24194,"comment_status":"closed","ping_status":"closed","sticky":false,"template":"","format":"standard","meta":{"_jetpack_memberships_contains_paid_content":false,"footnotes":"","jetpack_publicize_message":"","jetpack_publicize_feature_enabled":true,"jetpack_social_post_already_shared":true,"jetpack_social_options":{"image_generator_settings":{"template":"highway","enabled":false}}},"categories":[38],"tags":[],"jetpack_publicize_connections":[],"jetpack_sharing_enabled":true,"jetpack_featured_media_url":"http:\/\/enteculturalsantafesino.com.ar\/usina1\/wp-content\/uploads\/2025\/02\/WhatsApp-Image-2025-02-04-at-19.26.50.jpeg","_links":{"self":[{"href":"http:\/\/enteculturalsantafesino.com.ar\/usina1\/wp-json\/wp\/v2\/posts\/24193"}],"collection":[{"href":"http:\/\/enteculturalsantafesino.com.ar\/usina1\/wp-json\/wp\/v2\/posts"}],"about":[{"href":"http:\/\/enteculturalsantafesino.com.ar\/usina1\/wp-json\/wp\/v2\/types\/post"}],"author":[{"embeddable":true,"href":"http:\/\/enteculturalsantafesino.com.ar\/usina1\/wp-json\/wp\/v2\/users\/3"}],"replies":[{"embeddable":true,"href":"http:\/\/enteculturalsantafesino.com.ar\/usina1\/wp-json\/wp\/v2\/comments?post=24193"}],"version-history":[{"count":1,"href":"http:\/\/enteculturalsantafesino.com.ar\/usina1\/wp-json\/wp\/v2\/posts\/24193\/revisions"}],"predecessor-version":[{"id":24195,"href":"http:\/\/enteculturalsantafesino.com.ar\/usina1\/wp-json\/wp\/v2\/posts\/24193\/revisions\/24195"}],"wp:featuredmedia":[{"embeddable":true,"href":"http:\/\/enteculturalsantafesino.com.ar\/usina1\/wp-json\/wp\/v2\/media\/24194"}],"wp:attachment":[{"href":"http:\/\/enteculturalsantafesino.com.ar\/usina1\/wp-json\/wp\/v2\/media?parent=24193"}],"wp:term":[{"taxonomy":"category","embeddable":true,"href":"http:\/\/enteculturalsantafesino.com.ar\/usina1\/wp-json\/wp\/v2\/categories?post=24193"},{"taxonomy":"post_tag","embeddable":true,"href":"http:\/\/enteculturalsantafesino.com.ar\/usina1\/wp-json\/wp\/v2\/tags?post=24193"}],"curies":[{"name":"wp","href":"https:\/\/api.w.org\/{rel}","templated":true}]}}