{"id":24198,"date":"2025-05-06T13:24:00","date_gmt":"2025-05-06T13:24:00","guid":{"rendered":"https:\/\/enteculturalsantafesino.com.ar\/usina1\/?p=24198"},"modified":"2025-05-06T13:24:02","modified_gmt":"2025-05-06T13:24:02","slug":"el-plan-2025-del-ente-cultural-santafesino-se-presentara-en-canada-de-gomez","status":"publish","type":"post","link":"http:\/\/enteculturalsantafesino.com.ar\/usina1\/2025\/05\/el-plan-2025-del-ente-cultural-santafesino-se-presentara-en-canada-de-gomez\/","title":{"rendered":"El \u00abPlan 2025\u00bb del Ente Cultural Santafesino se presentar\u00e1 en Ca\u00f1ada de G\u00f3mez"},"content":{"rendered":"\n<p>El pr\u00f3ximo\u00a0<strong>lunes 12\u00a0<\/strong>a partir de las\u00a018:30hs\u00a0en la <strong>Casa del Bicentenario<\/strong> de la ciudad de\u00a0Ca\u00f1ada de G\u00f3mez ase detallar\u00e1n los programas, acciones y objetivos trazados del\u00a0<strong>\u201cPlan de Trabajo 2025?<\/strong>,\u00a0el cual se articular\u00e1 en las diversas\u00a0Usinas Culturales\u00a0integradas por pueblos y ciudades de la provincia de Santa Fe, en el marco de su\u00a017\u00b0 aniversario.<\/p>\n\n\n\n<p>El\u00a0<strong>Ente Cultural Santafesino<\/strong>, creado en junio de 2008,\u00a0posibilita la interacci\u00f3n activa de los distintos organismos culturales de cada comunidad participante, logrando acuerdos y pol\u00edticas que reflejen una mayor y mejor jerarquizaci\u00f3n en las diversas gestiones.<\/p>\n\n\n\n<p>Con el objetivo de seguir promoviendo y articulando acciones concretas a trav\u00e9s de la uni\u00f3n de los pueblos y sus manifestaciones art\u00edsticas; el Ente Cultural Santafesino avanza con su premisa iniciadora:&nbsp;\u201cJuntos, M\u00e1s y Mejor!\u201d<\/p>\n\n\n\n<p>El\u00a0<strong>Ente Cultural Santafesino<\/strong>\u00a0se pone en marcha, anunciando propuestas y actividades concretas, las cuales se dispersar\u00e1n en el territorio santafesino, cordob\u00e9s y entrerriano.<\/p>\n\n\n\n<p>Hoy el\u00a0<strong>Ente Cultural Santafesino<\/strong>, con sus 17 a\u00f1os de vida, es una marca y una herramienta vital gestada desde interior del interior, en la b\u00fasqueda permanente de la democratizaci\u00f3n y federalizaci\u00f3n de pol\u00edticas culturales.<\/p>\n\n\n\n<p>Este a\u00f1o reforzar\u00e1 en gestiones, acciones y encuentros con programas estables y nuevas propuestas que traspasar\u00e1n a cada Usina Cultura<\/p>\n","protected":false},"excerpt":{"rendered":"<p>El pr\u00f3ximo\u00a0lunes 12\u00a0a partir de las\u00a018:30hs\u00a0en la Casa del Bicentenario de la ciudad de\u00a0Ca\u00f1ada de G\u00f3mez ase [&hellip;]<\/p>\n","protected":false},"author":3,"featured_media":24199,"comment_status":"closed","ping_status":"closed","sticky":false,"template":"","format":"standard","meta":{"_jetpack_memberships_contains_paid_content":false,"footnotes":"","jetpack_publicize_message":"","jetpack_publicize_feature_enabled":true,"jetpack_social_post_already_shared":true,"jetpack_social_options":{"image_generator_settings":{"template":"highway","enabled":false}}},"categories":[11,38],"tags":[],"jetpack_publicize_connections":[],"jetpack_sharing_enabled":true,"jetpack_featured_media_url":"http:\/\/enteculturalsantafesino.com.ar\/usina1\/wp-content\/uploads\/2025\/05\/WhatsApp-Image-2025-05-06-at-10.20.58-scaled.jpeg","_links":{"self":[{"href":"http:\/\/enteculturalsantafesino.com.ar\/usina1\/wp-json\/wp\/v2\/posts\/24198"}],"collection":[{"href":"http:\/\/enteculturalsantafesino.com.ar\/usina1\/wp-json\/wp\/v2\/posts"}],"about":[{"href":"http:\/\/enteculturalsantafesino.com.ar\/usina1\/wp-json\/wp\/v2\/types\/post"}],"author":[{"embeddable":true,"href":"http:\/\/enteculturalsantafesino.com.ar\/usina1\/wp-json\/wp\/v2\/users\/3"}],"replies":[{"embeddable":true,"href":"http:\/\/enteculturalsantafesino.com.ar\/usina1\/wp-json\/wp\/v2\/comments?post=24198"}],"version-history":[{"count":1,"href":"http:\/\/enteculturalsantafesino.com.ar\/usina1\/wp-json\/wp\/v2\/posts\/24198\/revisions"}],"predecessor-version":[{"id":24200,"href":"http:\/\/enteculturalsantafesino.com.ar\/usina1\/wp-json\/wp\/v2\/posts\/24198\/revisions\/24200"}],"wp:featuredmedia":[{"embeddable":true,"href":"http:\/\/enteculturalsantafesino.com.ar\/usina1\/wp-json\/wp\/v2\/media\/24199"}],"wp:attachment":[{"href":"http:\/\/enteculturalsantafesino.com.ar\/usina1\/wp-json\/wp\/v2\/media?parent=24198"}],"wp:term":[{"taxonomy":"category","embeddable":true,"href":"http:\/\/enteculturalsantafesino.com.ar\/usina1\/wp-json\/wp\/v2\/categories?post=24198"},{"taxonomy":"post_tag","embeddable":true,"href":"http:\/\/enteculturalsantafesino.com.ar\/usina1\/wp-json\/wp\/v2\/tags?post=24198"}],"curies":[{"name":"wp","href":"https:\/\/api.w.org\/{rel}","templated":true}]}}