{"id":259,"date":"2011-08-05T17:04:17","date_gmt":"2011-08-05T17:04:17","guid":{"rendered":"http:\/\/entecultura.com.ar\/noticias\/?p=259"},"modified":"2011-08-06T05:08:30","modified_gmt":"2011-08-06T05:08:30","slug":"actividad-cultural-en-el-trebol","status":"publish","type":"post","link":"http:\/\/enteculturalsantafesino.com.ar\/usina1\/2011\/08\/actividad-cultural-en-el-trebol\/","title":{"rendered":"Actividad Cultural en El Tr\u00e9bol"},"content":{"rendered":"<p>&nbsp;<\/p>\n<table width=\"98%\" cellspacing=\"2\">\n<tbody>\n<tr>\n<td><a name=\"20110801124419\"><\/a><span style=\"color: #807e81; font-size: x-small;\">05\/08\/2011<br \/>\n<\/span><span style=\"color: #000000; font-size: x-small;\"><span style=\"color: #000000; font-size: x-small;\"><strong><span style=\"text-decoration: underline;\">FESTEJOS POR EL D\u00cdA<br \/>\nDEL NI\u00d1O<\/span><\/strong><\/span><\/span><a href=\"http:\/\/enteculturalsantafesino.com.ar\/noticias\/wp-content\/uploads\/2011\/08\/logo-municipalidad.png\" rel=\"lightbox[259]\"><img loading=\"lazy\" decoding=\"async\" class=\"alignright size-full wp-image-299\" title=\"logo municipalidad\" src=\"http:\/\/enteculturalsantafesino.com.ar\/noticias\/wp-content\/uploads\/2011\/08\/logo-municipalidad.png\" alt=\"\" width=\"102\" height=\"100\" \/><\/a>&nbsp;<\/p>\n<div align=\"justify\"><span style=\"font-family: verdana; font-size: x-small;\">El Domingo 7 de Agosto, desde las<br \/>\n14 hs. en el Predio Ecol\u00f3gico, La Municipalidad de El Tr\u00e9bol llevar\u00e1 a cabo los<br \/>\nFestejos por el D\u00eda del Ni\u00f1o en nuestra ciudad. Habr\u00e1 juegos recreativos,<br \/>\ndeportivos y de kermesse. Y se contar\u00e1 adem\u00e1s, con la presentaci\u00f3n de la<br \/>\nAcademia Henry Martin. Como espect\u00e1culo central, estar\u00e1 la presentaci\u00f3n del<br \/>\nMusical Infantil \u201cCuantos Cuentos Canto\u201d, que incluye los personajes de La Bella<br \/>\ny la Bestia; Pinocho; La Tortuga Manuelita; Campanita; Mickey; Minie; Donald y<br \/>\nel Sapo Pepe. Tambi\u00e9n habr\u00e1 regalos, sorteos, premios y servicio de buffet de<br \/>\ngaseosas y agua. \u00a1TE ESPERAMOS! La entrada es libre y gratuita. Organizan e<br \/>\ninvitan: Grupo Generadores de cambio, Club Atl\u00e9tico Trebolense, Club Atl\u00e9tico El<br \/>\nExpreso, Nueva Iglesia Evang\u00e9lica Bautista de Fe, Bomberos voluntarios de El<br \/>\nTr\u00e9bol y Rueda de la Amistad.<\/span><\/div>\n<\/td>\n<\/tr>\n<tr>\n<td>\n<hr noshade=\"noshade\" size=\"2\" width=\"60%\" \/>\n<\/td>\n<\/tr>\n<tr>\n<td><a name=\"20110803104314\"><\/a><span style=\"color: #807e81; font-size: x-small;\">03\/08\/2011<br \/>\n<\/span><span style=\"color: #000000; font-size: x-small;\"><strong><span style=\"text-decoration: underline;\">SE VIENE LA FIESTA<br \/>\nDE LA CIUDAD<\/span><\/strong><\/span><\/p>\n<div align=\"justify\"><span style=\"font-family: verdana; font-size: x-small;\">El Mi\u00e9rcoles 10 de Agosto se<br \/>\nllevar\u00e1n a cabo los Festejos Patronales de nuestra ciudad en Plaza San Mart\u00edn.<br \/>\nDesde las 13hs, habr\u00e1 shows y actividades para ni\u00f1os y grandes, artesanos,<br \/>\nmicroemprendedores y m\u00fasicos, entre otras atracciones. A la hora 15, se llevar\u00e1<br \/>\na cabo la procesi\u00f3n y Santa Misa, donde el Coro Polif\u00f3nico de El Tr\u00e9bol estar\u00e1 a<br \/>\ncargo de la Misa Criolla. A las 17hs, actuar\u00e1 la Banda de M\u00fasica del Liceo de<br \/>\nF\u00fanez y a la hora 17:30 se contar\u00e1 con la actuaci\u00f3n estelar de ABEL PINTOS,<br \/>\nfinalizando con la inauguraci\u00f3n de la Fuente del Bicentenario y fuegos de<br \/>\nartificio. La entrada es Libre y Gratuita. ESTA ES NUESTRA FIESTA! TE ESPERAMOS<br \/>\nPARA COMPARTIRLA!!! <\/span><\/div>\n<\/td>\n<\/tr>\n<tr>\n<td>\n<hr noshade=\"noshade\" size=\"2\" width=\"60%\" \/>\n<\/td>\n<\/tr>\n<tr>\n<td><a name=\"20110729110930\"><\/a><span style=\"color: #807e81; font-size: x-small;\">27\/07\/2011<br \/>\n<\/span><span style=\"color: #000000; font-size: x-small;\"><strong><span style=\"text-decoration: underline;\">INAUGURACI\u00d3N DE LA<br \/>\nMUESTRA <\/span><\/strong><\/span><\/p>\n<div align=\"justify\"><span style=\"font-family: verdana; font-size: x-small;\">El pasado viernes 22 de Julio, se<br \/>\nllev\u00f3 a cabo en el Museo Municipal, la presentaci\u00f3n de la muestra fotogr\u00e1fica<br \/>\n\u201cSurcos en la Piel\u201d de la joven Ver\u00f3nica Feraboli. En la inauguraci\u00f3n de la<br \/>\nmuestra, estuvo presente la Directora de Educaci\u00f3n y Cultura Prof. Alejandra<br \/>\nVismara quien expres\u00f3: \u201cDesde el Municipio estamos muy contentos de que este<br \/>\nespacio, se haya destinado a nuestros artistas y que lo sientan propio\u201d y<br \/>\nagreg\u00f3: \u201cagradecemos adem\u00e1s, a Ver\u00f3nica porque esta muestra ser\u00e1 donada al Museo<br \/>\nMunicipal\u201d. La artista local, Ver\u00f3nica Fer\u00e1boli, expres\u00f3: \u201cQuiero agradecer a la<br \/>\ngente del Museo, a Sole, a Tamara y a Mario que me ayudaron much\u00edsimo y por<br \/>\nsupuesto a mi familia y a todos mis amigos que hicieron que esto sea posible\u201d.<br \/>\n<\/span><\/div>\n<\/td>\n<\/tr>\n<tr>\n<td>\n<hr noshade=\"noshade\" size=\"2\" width=\"60%\" \/>\n<\/td>\n<\/tr>\n<tr>\n<td><a name=\"20110614094419\"><\/a><span style=\"color: #807e81; font-size: x-small;\">13\/06\/2011<br \/>\n<\/span><span style=\"color: #000000; font-size: x-small;\"><strong><span style=\"text-decoration: underline;\">CONCURSO LITERARIO<br \/>\n<\/span><\/strong><\/span><\/p>\n<div align=\"justify\">\n<p align=\"justify\">La Direcci\u00f3n de Educaci\u00f3n y Cultura comunica que se encuentra<br \/>\nabierta la inscripci\u00f3n para participar con obras literarias a poetas &#8211;<br \/>\nescritores adultos y j\u00f3venes a partir de los 12 a\u00f1os, de la cuarta antolog\u00eda<br \/>\n\u00abfulguraciones\u00bb 2011, organizada por la Sociedad Argentina de Letras, Artes y<br \/>\nCiencias.<\/p>\n<p>Para mayor informaci\u00f3n dirigirse a la oficina de Direcci\u00f3n de<br \/>\nEducaci\u00f3n y Cultura, Centro C\u00edvico, de lunes a viernes de 9 a 12 hs.<\/p>\n<p>La<br \/>\nrecepci\u00f3n de obras es hasta el 30 de agosto.<\/p>\n<p align=\"justify\">\n<\/div>\n<\/td>\n<\/tr>\n<tr>\n<td>\n<hr noshade=\"noshade\" size=\"2\" width=\"60%\" \/>\n<\/td>\n<\/tr>\n<\/tbody>\n<\/table>\n","protected":false},"excerpt":{"rendered":"<p>&nbsp; 05\/08\/2011 FESTEJOS POR EL D\u00cdA DEL NI\u00d1O&nbsp; El Domingo 7 de Agosto, desde las 14 hs. [&hellip;]<\/p>\n","protected":false},"author":3,"featured_media":0,"comment_status":"open","ping_status":"open","sticky":false,"template":"","format":"standard","meta":{"_jetpack_memberships_contains_paid_content":false,"footnotes":"","jetpack_publicize_message":"","jetpack_publicize_feature_enabled":true,"jetpack_social_post_already_shared":false,"jetpack_social_options":{"image_generator_settings":{"template":"highway","enabled":false}}},"categories":[18],"tags":[],"jetpack_publicize_connections":[],"jetpack_sharing_enabled":true,"jetpack_featured_media_url":"","_links":{"self":[{"href":"http:\/\/enteculturalsantafesino.com.ar\/usina1\/wp-json\/wp\/v2\/posts\/259"}],"collection":[{"href":"http:\/\/enteculturalsantafesino.com.ar\/usina1\/wp-json\/wp\/v2\/posts"}],"about":[{"href":"http:\/\/enteculturalsantafesino.com.ar\/usina1\/wp-json\/wp\/v2\/types\/post"}],"author":[{"embeddable":true,"href":"http:\/\/enteculturalsantafesino.com.ar\/usina1\/wp-json\/wp\/v2\/users\/3"}],"replies":[{"embeddable":true,"href":"http:\/\/enteculturalsantafesino.com.ar\/usina1\/wp-json\/wp\/v2\/comments?post=259"}],"version-history":[{"count":0,"href":"http:\/\/enteculturalsantafesino.com.ar\/usina1\/wp-json\/wp\/v2\/posts\/259\/revisions"}],"wp:attachment":[{"href":"http:\/\/enteculturalsantafesino.com.ar\/usina1\/wp-json\/wp\/v2\/media?parent=259"}],"wp:term":[{"taxonomy":"category","embeddable":true,"href":"http:\/\/enteculturalsantafesino.com.ar\/usina1\/wp-json\/wp\/v2\/categories?post=259"},{"taxonomy":"post_tag","embeddable":true,"href":"http:\/\/enteculturalsantafesino.com.ar\/usina1\/wp-json\/wp\/v2\/tags?post=259"}],"curies":[{"name":"wp","href":"https:\/\/api.w.org\/{rel}","templated":true}]}}