{"id":262,"date":"2011-08-05T17:07:29","date_gmt":"2011-08-05T17:07:29","guid":{"rendered":"http:\/\/entecultura.com.ar\/noticias\/?p=262"},"modified":"2011-08-06T05:07:06","modified_gmt":"2011-08-06T05:07:06","slug":"18%c2%b0aniversario-del-centro-tradicionalista-el-lucero","status":"publish","type":"post","link":"http:\/\/enteculturalsantafesino.com.ar\/usina1\/2011\/08\/18%c2%b0aniversario-del-centro-tradicionalista-el-lucero\/","title":{"rendered":"18\u00b0Aniversario del Centro Tradicionalista El Lucero"},"content":{"rendered":"<p><a href=\"http:\/\/enteculturalsantafesino.com.ar\/noticias\/wp-content\/uploads\/2011\/08\/el-lucero-cp.jpg\" rel=\"lightbox[262]\"><img loading=\"lazy\" decoding=\"async\" class=\"alignright size-full wp-image-297\" title=\"el lucero cp\" src=\"http:\/\/enteculturalsantafesino.com.ar\/noticias\/wp-content\/uploads\/2011\/08\/el-lucero-cp.jpg\" alt=\"\" width=\"259\" height=\"194\" \/><\/a>La Comuna de Carlos Pellegrini, junto al Centro Tradicionalista El Lucero,<br \/>\ninvita a toda la comunidad a disfrutar del festejo del 18\u00ba aniversario del<br \/>\ncentro, el cual contara con una agenda colmada de actividades, entre los que la comuna<br \/>\naprovechara a celebrar el d\u00eda del ni\u00f1o, agasajando a los peque\u00f1os con dulces y<br \/>\nsorteos.<\/p>\n<p><strong>Cronograma del evento: <\/strong><\/p>\n<p>8,30 h descarga de animales y concentraci\u00f3n de agrupaciones en la playa de la<br \/>\nEstaci\u00f3n del ferrocarril.-<\/p>\n<p>9,30 h -PASEO GAUCHO, ARRIBANDO AL PREDIO DE<br \/>\nACTIVIDADES CAMPERA \u201cMIGUEL FRANCO\u201d<\/p>\n<p>11 h &#8211; ACTO DE IZAMIENTO DE<br \/>\nBANDERA, entrega de presentes a las DELEGACIONES, elecci\u00f3n de PAISANA y<br \/>\nPAISANITA , categor\u00eda menores de TRES a\u00f1os a DOCE y mayores de TRECE a\u00f1os.<br \/>\n13 h -VAQUILLONA DESHUESADA &#8211; -(venta en porciones)<\/p>\n<p>14 h<br \/>\n-DESTREZAS CON INSCRIPCION Y SU TOTALIDAD AL PRIMERO Y SEGUNDO PUESTO.<\/p>\n<p>15 h-FESTEJO DIA DEL NI\u00d1O:\u00a0\u00a0 LA COMUNA LOCAL OBSEQUIA ALFAJORES\u00a0\u00a0\u00a0\u00a0\u00a0 y<br \/>\nGASEOSAS\u2026\u2026.. JUEGOS y SORTEO DE DOS BICICLETAS.-<\/p>\n<p>CONJUNTOS FOLCLORICOS\u00a0\u00a0 ENTRADA LIBRE y GRATUITA<br \/>\nINVITAN COMUNA y CENTRO EL LUCERO<\/p>\n","protected":false},"excerpt":{"rendered":"<p>La Comuna de Carlos Pellegrini, junto al Centro Tradicionalista El Lucero, invita a toda la comunidad a [&hellip;]<\/p>\n","protected":false},"author":3,"featured_media":0,"comment_status":"open","ping_status":"open","sticky":false,"template":"","format":"standard","meta":{"_jetpack_memberships_contains_paid_content":false,"footnotes":"","jetpack_publicize_message":"","jetpack_publicize_feature_enabled":true,"jetpack_social_post_already_shared":false,"jetpack_social_options":{"image_generator_settings":{"template":"highway","enabled":false}}},"categories":[1],"tags":[],"jetpack_publicize_connections":[],"jetpack_sharing_enabled":true,"jetpack_featured_media_url":"","_links":{"self":[{"href":"http:\/\/enteculturalsantafesino.com.ar\/usina1\/wp-json\/wp\/v2\/posts\/262"}],"collection":[{"href":"http:\/\/enteculturalsantafesino.com.ar\/usina1\/wp-json\/wp\/v2\/posts"}],"about":[{"href":"http:\/\/enteculturalsantafesino.com.ar\/usina1\/wp-json\/wp\/v2\/types\/post"}],"author":[{"embeddable":true,"href":"http:\/\/enteculturalsantafesino.com.ar\/usina1\/wp-json\/wp\/v2\/users\/3"}],"replies":[{"embeddable":true,"href":"http:\/\/enteculturalsantafesino.com.ar\/usina1\/wp-json\/wp\/v2\/comments?post=262"}],"version-history":[{"count":0,"href":"http:\/\/enteculturalsantafesino.com.ar\/usina1\/wp-json\/wp\/v2\/posts\/262\/revisions"}],"wp:attachment":[{"href":"http:\/\/enteculturalsantafesino.com.ar\/usina1\/wp-json\/wp\/v2\/media?parent=262"}],"wp:term":[{"taxonomy":"category","embeddable":true,"href":"http:\/\/enteculturalsantafesino.com.ar\/usina1\/wp-json\/wp\/v2\/categories?post=262"},{"taxonomy":"post_tag","embeddable":true,"href":"http:\/\/enteculturalsantafesino.com.ar\/usina1\/wp-json\/wp\/v2\/tags?post=262"}],"curies":[{"name":"wp","href":"https:\/\/api.w.org\/{rel}","templated":true}]}}