{"id":267,"date":"2011-08-05T17:12:16","date_gmt":"2011-08-05T17:12:16","guid":{"rendered":"http:\/\/entecultura.com.ar\/noticias\/?p=267"},"modified":"2011-08-06T05:03:37","modified_gmt":"2011-08-06T05:03:37","slug":"el-rosense-roman-caceres-se-presenta-en-san-jorge","status":"publish","type":"post","link":"http:\/\/enteculturalsantafesino.com.ar\/usina1\/2011\/08\/el-rosense-roman-caceres-se-presenta-en-san-jorge\/","title":{"rendered":"El rosense Rom\u00e1n Caceres se presenta en San Jorge"},"content":{"rendered":"<p><a href=\"http:\/\/enteculturalsantafesino.com.ar\/noticias\/wp-content\/uploads\/2011\/08\/cultura-san-jorge.jpg\" rel=\"lightbox[267]\"><img loading=\"lazy\" decoding=\"async\" class=\"alignright size-full wp-image-293\" title=\"cultura san jorge\" src=\"http:\/\/enteculturalsantafesino.com.ar\/noticias\/wp-content\/uploads\/2011\/08\/cultura-san-jorge.jpg\" alt=\"\" width=\"120\" height=\"73\" \/><\/a>Ser\u00e1 este domingo en la Biblioteca Popular Rivadavia. El concierto se denomina \u201cCuerdas al atardecer\u201d.<\/p>\n<p>El <strong>guitarrista Rom\u00e1n C\u00e1ceres<\/strong> se presentar\u00e1 este <strong>domingo a las 19,15 horas<\/strong> en la <strong>Sala Albertengo de Biblioteca Popular Rivadavia<\/strong>. Ser\u00e1 con un <strong>concierto de guitarra<\/strong> llamado <strong>\u201cCuerdas al atardecer\u201d<\/strong>. El costo de la <strong>entrada<\/strong> es de <strong>10 pesos<\/strong>.<\/p>\n<p><span style=\"font-size: x-small;\">\u00a0 C\u00e1ceres <strong>naci\u00f3 en Las Rosas en 1985<\/strong> y ha realizado <strong>presentaciones en ciclos culturales<\/strong> realizados en las ciudades de <strong>Rosario, Santa Fe y Las Rosas<\/strong>, entre otras. Su <strong>primer acercamiento a la guitarra<\/strong> se produjo a los <strong>12 a\u00f1os<\/strong>. <\/span><\/p>\n<p><span style=\"font-size: x-small;\">\u00a0 Tom\u00f3 <strong>clases<\/strong> con el <strong>reconocido maestro N\u00e9stor Ausqui<\/strong>, profesor de guitarra cl\u00e1sica en el Instituto Superior de M\u00fasica de la Universidad Nacional del Litoral. Y <strong>contin\u00faa su formaci\u00f3n<\/strong> con el <strong>maestro Osvaldo Mu\u00f1oz<\/strong>, destacado guitarrista y pedagogo, profesor del Conservatorio de M\u00fasica de C\u00f3rdoba.<\/span><\/p>\n","protected":false},"excerpt":{"rendered":"<p>Ser\u00e1 este domingo en la Biblioteca Popular Rivadavia. El concierto se denomina \u201cCuerdas al atardecer\u201d. El guitarrista [&hellip;]<\/p>\n","protected":false},"author":3,"featured_media":0,"comment_status":"open","ping_status":"open","sticky":false,"template":"","format":"standard","meta":{"_jetpack_memberships_contains_paid_content":false,"footnotes":"","jetpack_publicize_message":"","jetpack_publicize_feature_enabled":true,"jetpack_social_post_already_shared":false,"jetpack_social_options":{"image_generator_settings":{"template":"highway","enabled":false}}},"categories":[16],"tags":[],"jetpack_publicize_connections":[],"jetpack_sharing_enabled":true,"jetpack_featured_media_url":"","_links":{"self":[{"href":"http:\/\/enteculturalsantafesino.com.ar\/usina1\/wp-json\/wp\/v2\/posts\/267"}],"collection":[{"href":"http:\/\/enteculturalsantafesino.com.ar\/usina1\/wp-json\/wp\/v2\/posts"}],"about":[{"href":"http:\/\/enteculturalsantafesino.com.ar\/usina1\/wp-json\/wp\/v2\/types\/post"}],"author":[{"embeddable":true,"href":"http:\/\/enteculturalsantafesino.com.ar\/usina1\/wp-json\/wp\/v2\/users\/3"}],"replies":[{"embeddable":true,"href":"http:\/\/enteculturalsantafesino.com.ar\/usina1\/wp-json\/wp\/v2\/comments?post=267"}],"version-history":[{"count":0,"href":"http:\/\/enteculturalsantafesino.com.ar\/usina1\/wp-json\/wp\/v2\/posts\/267\/revisions"}],"wp:attachment":[{"href":"http:\/\/enteculturalsantafesino.com.ar\/usina1\/wp-json\/wp\/v2\/media?parent=267"}],"wp:term":[{"taxonomy":"category","embeddable":true,"href":"http:\/\/enteculturalsantafesino.com.ar\/usina1\/wp-json\/wp\/v2\/categories?post=267"},{"taxonomy":"post_tag","embeddable":true,"href":"http:\/\/enteculturalsantafesino.com.ar\/usina1\/wp-json\/wp\/v2\/tags?post=267"}],"curies":[{"name":"wp","href":"https:\/\/api.w.org\/{rel}","templated":true}]}}