{"id":2768,"date":"2012-04-11T12:23:49","date_gmt":"2012-04-11T12:23:49","guid":{"rendered":"http:\/\/entecultura.com.ar\/noticias\/?p=2768"},"modified":"2012-04-11T12:26:24","modified_gmt":"2012-04-11T12:26:24","slug":"grandes-festejos-patronales-en-san-jorge","status":"publish","type":"post","link":"http:\/\/enteculturalsantafesino.com.ar\/usina1\/2012\/04\/grandes-festejos-patronales-en-san-jorge\/","title":{"rendered":"GRANDES FESTEJOS PATRONALES EN SAN JORGE"},"content":{"rendered":"<p><a href=\"http:\/\/enteculturalsantafesino.com.ar\/noticias\/wp-content\/uploads\/2012\/04\/cultura-san-jorge.jpg\" rel=\"lightbox[2768]\"><img loading=\"lazy\" decoding=\"async\" class=\"size-full wp-image-2769 alignright\" title=\"cultura san jorge\" src=\"http:\/\/enteculturalsantafesino.com.ar\/noticias\/wp-content\/uploads\/2012\/04\/cultura-san-jorge.jpg\" alt=\"\" width=\"120\" height=\"73\" \/><\/a>SABADO 21 Y DOMINGO 22 DESDE LAS 14 HS. ARTESANOS DE TODO EL PA\u00cdS Y DESDE LAS 17 HS. ARTISTAS URBANOS, ESPECT\u00c1CULOS INFANTILES Y M\u00daSICOS LOCALES DE ROCK Y FOLCLORE, ADEM\u00c1S LA ACTUACI\u00d3N DE \u00abGRUPO QOMPI\u00bb Y \u00abM\u00daSICOS ASOCIADOS\u00bb DE G\u00c1LVEZ. LUNES 23, D\u00cdA DEL SANTO PATRONO, ARTESANOS, ACTUACI\u00d3N DE MURGAS Y COMPARSAS DE NUESTRA CIUDAD Y A LAS 20 HS. GRAN CIERRE CON EL RECITAL EXCLUSIVO DE \u00abLA BARRA\u00bb. (EN CASO DE LLUVIA, \u00abLA BARRA\u00bb ACT\u00daA EN SOC. ITALIANA). ENTRADA LIBRE Y GRATUITA. EL BUFFET ESTAR\u00c1 A CARGO DE INSTITUCIONES LOCALES.<\/p>\n","protected":false},"excerpt":{"rendered":"<p>SABADO 21 Y DOMINGO 22 DESDE LAS 14 HS. ARTESANOS DE TODO EL PA\u00cdS Y DESDE LAS [&hellip;]<\/p>\n","protected":false},"author":3,"featured_media":0,"comment_status":"open","ping_status":"open","sticky":false,"template":"","format":"standard","meta":{"_jetpack_memberships_contains_paid_content":false,"footnotes":"","jetpack_publicize_message":"","jetpack_publicize_feature_enabled":true,"jetpack_social_post_already_shared":false,"jetpack_social_options":{"image_generator_settings":{"template":"highway","enabled":false}}},"categories":[4,6,16],"tags":[],"jetpack_publicize_connections":[],"jetpack_sharing_enabled":true,"jetpack_featured_media_url":"","_links":{"self":[{"href":"http:\/\/enteculturalsantafesino.com.ar\/usina1\/wp-json\/wp\/v2\/posts\/2768"}],"collection":[{"href":"http:\/\/enteculturalsantafesino.com.ar\/usina1\/wp-json\/wp\/v2\/posts"}],"about":[{"href":"http:\/\/enteculturalsantafesino.com.ar\/usina1\/wp-json\/wp\/v2\/types\/post"}],"author":[{"embeddable":true,"href":"http:\/\/enteculturalsantafesino.com.ar\/usina1\/wp-json\/wp\/v2\/users\/3"}],"replies":[{"embeddable":true,"href":"http:\/\/enteculturalsantafesino.com.ar\/usina1\/wp-json\/wp\/v2\/comments?post=2768"}],"version-history":[{"count":0,"href":"http:\/\/enteculturalsantafesino.com.ar\/usina1\/wp-json\/wp\/v2\/posts\/2768\/revisions"}],"wp:attachment":[{"href":"http:\/\/enteculturalsantafesino.com.ar\/usina1\/wp-json\/wp\/v2\/media?parent=2768"}],"wp:term":[{"taxonomy":"category","embeddable":true,"href":"http:\/\/enteculturalsantafesino.com.ar\/usina1\/wp-json\/wp\/v2\/categories?post=2768"},{"taxonomy":"post_tag","embeddable":true,"href":"http:\/\/enteculturalsantafesino.com.ar\/usina1\/wp-json\/wp\/v2\/tags?post=2768"}],"curies":[{"name":"wp","href":"https:\/\/api.w.org\/{rel}","templated":true}]}}