{"id":278,"date":"2011-08-05T17:26:16","date_gmt":"2011-08-05T17:26:16","guid":{"rendered":"http:\/\/entecultura.com.ar\/noticias\/?p=278"},"modified":"2011-08-06T05:00:00","modified_gmt":"2011-08-06T05:00:00","slug":"manuel-belgrano-chozno-del-gral-manuel-belgrano-visita-el-trebol","status":"publish","type":"post","link":"http:\/\/enteculturalsantafesino.com.ar\/usina1\/2011\/08\/manuel-belgrano-chozno-del-gral-manuel-belgrano-visita-el-trebol\/","title":{"rendered":"Manuel Belgrano (chozno del Gral. Manuel Belgrano) visita El Tr\u00e9bol"},"content":{"rendered":"<p><a href=\"http:\/\/enteculturalsantafesino.com.ar\/noticias\/wp-content\/uploads\/2011\/08\/chozno-manuel-belgrano.png\" rel=\"lightbox[278]\"><img loading=\"lazy\" decoding=\"async\" class=\"alignright size-full wp-image-287\" title=\"chozno manuel belgrano\" src=\"http:\/\/enteculturalsantafesino.com.ar\/noticias\/wp-content\/uploads\/2011\/08\/chozno-manuel-belgrano.png\" alt=\"\" width=\"181\" height=\"136\" \/><\/a>El Gobierno Municipal de El Tr\u00e9bol invitan a las actividades que desarrollar\u00e1el Sr. Manuel Belgrano en nuestra ciudad.<br \/>\nSu visita responde al Centenario de la Escuela N\u00ba275 \u201cGral. M. Belgrano\u201d.<\/p>\n<p><strong>VIERNES 5: 10 hs.<br \/>\nVisita a la Escuela N\u00ba275 \u201cGral. Manuel Belgrano\u201d, encuentro con alumnos,<br \/>\ndocentes y directivos.<\/strong><\/p>\n<p><strong>\u00a0\u00a0\u00a0\u00a0\u00a0\u00a0\u00a0\u00a0\u00a0\u00a0\u00a0\u00a0\u00a0\u00a0\u00a0\u00a0\u00a0\u00a0\u00a0\u00a0\u00a0\u00a0 19 hs. Disertaci\u00f3n sobre<br \/>\nel Ceremonial de la Bandera. Biblioteca Popular \u201cDomingo P\u00edccolo\u201d. <\/strong><\/p>\n<p><strong>\u00a0\u00a0\u00a0\u00a0\u00a0\u00a0\u00a0\u00a0\u00a0\u00a0\u00a0\u00a0\u00a0\u00a0\u00a0\u00a0\u00a0\u00a0\u00a0\u00a0\u00a0\u00a0 21 hs. \u201cLa vida del<br \/>\nGral. Manuel Belgrano\u201d. Biblioteca Popular \u201cDomingo P\u00edccolo\u201d.<\/strong><strong>\u00a0<\/strong><\/p>\n<p><strong>S\u00c1BADO 6 DE AGOSTO:<br \/>\n9:30 HS. Participaci\u00f3n en los Actos protocolares por los 100 a\u00f1os de la Escuela<br \/>\nN\u00ba275 \u201cManuel Belgrano\u201d.<\/strong><strong>\u00a0<\/strong><\/p>\n<p><strong>CURRICULUM VITAE<\/strong><\/p>\n<p>Apellido: Belgrano<br \/>\nNombre: <strong>Manuel<\/strong><strong><br \/>\nFecha de nacimiento:<\/strong> 17 de Julio de 1951<strong> Lugar:<\/strong> Capital Federal<strong><br \/>\nEstudios cursados: <\/strong>Primario y secundario en el Colegio<br \/>\nChampagnat , hermanos Maristas, Capital Federal. Universitarios en la Universidad<br \/>\nArgentina de la Empresa, Licenciatura en Administraci\u00f3n Agraria y Licenciatura<br \/>\nen Econom\u00eda Agraria. Posgrado, cursos varios en la Universidad Argentina de la<br \/>\nEmpresa, INTA, Facultad de Agronom\u00eda UBA, sobre Administraci\u00f3n, Econom\u00eda,<br \/>\nDesarrollo Regional, Econom\u00edas Regionales, Intensificaci\u00f3n de Producci\u00f3n<br \/>\nGanadera, Manejo Intensivo de Pasturas.<strong><br \/>\nAntecedentes laborales:<\/strong> Administrador de Establecimientos<br \/>\nRurales, y Deshidratadora de Alfalfa en la Prov. de Santiago del Estero. Asesor<br \/>\ne Inspector de Establecimientos Rurales del Grupo Fortabat.Asesor en Comercializaci\u00f3n y Exportaci\u00f3n<br \/>\nde Cereales no Tradicionales. En la actualidad Asesor y Administrador de<br \/>\nEstablecimientos Agr\u00edcolo-Ganaderos en la Prov. de Buenos Aires.<strong><br \/>\nInstituto Nacional Belgraniano:<\/strong> Miembro Correspondiente en la Ciudad de<br \/>\nOlavarr\u00eda, Prov. de Buenos Aires \u2013 2004 a 2007. En la actualidad Miembro de N\u00famero, y vocal suplente<br \/>\nde la Comisi\u00f3n Directiva.<br \/>\n<strong>Descendencia con el General Belgrano:<\/strong> Soy quinta generaci\u00f3n o sea chozno<br \/>\nnieto en forma directa, por la l\u00ednea de su hija Manuela M\u00f3nica.<\/p>\n<p align=\"center\">\n","protected":false},"excerpt":{"rendered":"<p>El Gobierno Municipal de El Tr\u00e9bol invitan a las actividades que desarrollar\u00e1el Sr. Manuel Belgrano en nuestra [&hellip;]<\/p>\n","protected":false},"author":3,"featured_media":0,"comment_status":"open","ping_status":"open","sticky":false,"template":"","format":"standard","meta":{"_jetpack_memberships_contains_paid_content":false,"footnotes":"","jetpack_publicize_message":"","jetpack_publicize_feature_enabled":true,"jetpack_social_post_already_shared":false,"jetpack_social_options":{"image_generator_settings":{"template":"highway","enabled":false}}},"categories":[18],"tags":[],"jetpack_publicize_connections":[],"jetpack_sharing_enabled":true,"jetpack_featured_media_url":"","_links":{"self":[{"href":"http:\/\/enteculturalsantafesino.com.ar\/usina1\/wp-json\/wp\/v2\/posts\/278"}],"collection":[{"href":"http:\/\/enteculturalsantafesino.com.ar\/usina1\/wp-json\/wp\/v2\/posts"}],"about":[{"href":"http:\/\/enteculturalsantafesino.com.ar\/usina1\/wp-json\/wp\/v2\/types\/post"}],"author":[{"embeddable":true,"href":"http:\/\/enteculturalsantafesino.com.ar\/usina1\/wp-json\/wp\/v2\/users\/3"}],"replies":[{"embeddable":true,"href":"http:\/\/enteculturalsantafesino.com.ar\/usina1\/wp-json\/wp\/v2\/comments?post=278"}],"version-history":[{"count":0,"href":"http:\/\/enteculturalsantafesino.com.ar\/usina1\/wp-json\/wp\/v2\/posts\/278\/revisions"}],"wp:attachment":[{"href":"http:\/\/enteculturalsantafesino.com.ar\/usina1\/wp-json\/wp\/v2\/media?parent=278"}],"wp:term":[{"taxonomy":"category","embeddable":true,"href":"http:\/\/enteculturalsantafesino.com.ar\/usina1\/wp-json\/wp\/v2\/categories?post=278"},{"taxonomy":"post_tag","embeddable":true,"href":"http:\/\/enteculturalsantafesino.com.ar\/usina1\/wp-json\/wp\/v2\/tags?post=278"}],"curies":[{"name":"wp","href":"https:\/\/api.w.org\/{rel}","templated":true}]}}