{"id":2988,"date":"2012-05-01T20:00:46","date_gmt":"2012-05-01T20:00:46","guid":{"rendered":"http:\/\/entecultura.com.ar\/noticias\/?p=2988"},"modified":"2012-05-01T20:40:41","modified_gmt":"2012-05-01T20:40:41","slug":"a-la-orquesta-municipal-feliz-cumpleanos","status":"publish","type":"post","link":"http:\/\/enteculturalsantafesino.com.ar\/usina1\/2012\/05\/a-la-orquesta-municipal-feliz-cumpleanos\/","title":{"rendered":"UN CUMPLEA\u00d1OS CON COLOR A 2X4"},"content":{"rendered":"<p><a href=\"http:\/\/enteculturalsantafesino.com.ar\/noticias\/wp-content\/uploads\/2012\/05\/orquesta-municip1.png\" rel=\"lightbox[2988]\"><img loading=\"lazy\" decoding=\"async\" class=\"alignright size-medium wp-image-2992\" title=\"orquesta municip\" src=\"http:\/\/enteculturalsantafesino.com.ar\/noticias\/wp-content\/uploads\/2012\/05\/orquesta-municip1-300x153.png\" alt=\"\" width=\"300\" height=\"153\" srcset=\"http:\/\/enteculturalsantafesino.com.ar\/usina1\/wp-content\/uploads\/2012\/05\/orquesta-municip1-300x153.png 300w, http:\/\/enteculturalsantafesino.com.ar\/usina1\/wp-content\/uploads\/2012\/05\/orquesta-municip1.png 450w\" sizes=\"(max-width: 300px) 100vw, 300px\" \/><\/a><\/p>\n<table style=\"width: 435px; height: 203px;\" width=\"435\" border=\"0\" bgcolor=\"#ffffff\">\n<tbody>\n<tr>\n<td align=\"left\"><strong>El primer cumplea\u00f1os de la Orquesta T\u00edpica Municipal fue la ocasi\u00f3n para que este lunes la agrupaci\u00f3n mostrara su permanente evoluci\u00f3n.<\/strong><\/td>\n<\/tr>\n<tr>\n<td id=\"cuerpo\" align=\"left\">La Orquesta T\u00edpica Municipal, dirigida por Cristi\u00e1n Gustaffson, cumpli\u00f3 su primer a\u00f1o de vida, y lo festej\u00f3 en Plaza San Mart\u00edn. Tres bandoneones, violines, contrabajo, cello y piano conforman la agrupaci\u00f3n que, d\u00eda a d\u00eda, crece en afianzarse con un repertorio en el que aparecen cl\u00e1sicos de figuras consagradas del cancionero ciudadano. Como en otras oportunidades, la acompa\u00f1aron en varios tangos Ezequiel Mart\u00e9s, una voz de fenomenal proyecci\u00f3n, y el ballet La Vieja Estaci\u00f3n, conformando una jornada de gran nivel en la tarde de un feriado ca\u00f1adense.<\/td>\n<\/tr>\n<\/tbody>\n<\/table>\n","protected":false},"excerpt":{"rendered":"<p>El primer cumplea\u00f1os de la Orquesta T\u00edpica Municipal fue la ocasi\u00f3n para que este lunes la agrupaci\u00f3n [&hellip;]<\/p>\n","protected":false},"author":3,"featured_media":0,"comment_status":"open","ping_status":"open","sticky":false,"template":"","format":"standard","meta":{"_jetpack_memberships_contains_paid_content":false,"footnotes":"","jetpack_publicize_message":"","jetpack_publicize_feature_enabled":true,"jetpack_social_post_already_shared":false,"jetpack_social_options":{"image_generator_settings":{"template":"highway","enabled":false}}},"categories":[11,4,6],"tags":[],"jetpack_publicize_connections":[],"jetpack_sharing_enabled":true,"jetpack_featured_media_url":"","_links":{"self":[{"href":"http:\/\/enteculturalsantafesino.com.ar\/usina1\/wp-json\/wp\/v2\/posts\/2988"}],"collection":[{"href":"http:\/\/enteculturalsantafesino.com.ar\/usina1\/wp-json\/wp\/v2\/posts"}],"about":[{"href":"http:\/\/enteculturalsantafesino.com.ar\/usina1\/wp-json\/wp\/v2\/types\/post"}],"author":[{"embeddable":true,"href":"http:\/\/enteculturalsantafesino.com.ar\/usina1\/wp-json\/wp\/v2\/users\/3"}],"replies":[{"embeddable":true,"href":"http:\/\/enteculturalsantafesino.com.ar\/usina1\/wp-json\/wp\/v2\/comments?post=2988"}],"version-history":[{"count":0,"href":"http:\/\/enteculturalsantafesino.com.ar\/usina1\/wp-json\/wp\/v2\/posts\/2988\/revisions"}],"wp:attachment":[{"href":"http:\/\/enteculturalsantafesino.com.ar\/usina1\/wp-json\/wp\/v2\/media?parent=2988"}],"wp:term":[{"taxonomy":"category","embeddable":true,"href":"http:\/\/enteculturalsantafesino.com.ar\/usina1\/wp-json\/wp\/v2\/categories?post=2988"},{"taxonomy":"post_tag","embeddable":true,"href":"http:\/\/enteculturalsantafesino.com.ar\/usina1\/wp-json\/wp\/v2\/tags?post=2988"}],"curies":[{"name":"wp","href":"https:\/\/api.w.org\/{rel}","templated":true}]}}