{"id":2996,"date":"2012-05-02T04:20:08","date_gmt":"2012-05-02T04:20:08","guid":{"rendered":"http:\/\/entecultura.com.ar\/noticias\/?p=2996"},"modified":"2012-05-02T04:20:08","modified_gmt":"2012-05-02T04:20:08","slug":"el-olga-subarry-comienza-a-brillar","status":"publish","type":"post","link":"http:\/\/enteculturalsantafesino.com.ar\/usina1\/2012\/05\/el-olga-subarry-comienza-a-brillar\/","title":{"rendered":"EL \u00abOLGA SUBARRY\u00bb COMIENZA A BRILLAR"},"content":{"rendered":"<p><a href=\"http:\/\/enteculturalsantafesino.com.ar\/noticias\/wp-content\/uploads\/2012\/05\/E-ARTISTA1.jpg\" rel=\"lightbox[2996]\"><img loading=\"lazy\" decoding=\"async\" class=\"alignright size-full wp-image-2998\" title=\"E ARTISTA\" src=\"http:\/\/enteculturalsantafesino.com.ar\/noticias\/wp-content\/uploads\/2012\/05\/E-ARTISTA1.jpg\" alt=\"\" width=\"150\" height=\"150\" \/><\/a>La Coordinadora de la Sala de \u201cCine Olga Zubarry\u201d de la\u00a0 Municipalidad de San Jorge, informa el comienzo de la temporada 2012 <strong>contando con la instalaci\u00f3n en la m\u00e1quina de proyecci\u00f3n de l\u00e1mpara, espejo, rectificador y dem\u00e1s elementos nuevos y de mayor potencia que hacen a una excelente calidad de imagen, brillo y color para poder, de esta manera, disfrutar de proyecciones cinematogr\u00e1ficas de gran nivel<\/strong>. En esta apertura informamos la programaci\u00f3n:<\/p>\n<p>\u00abEl Artista\u00bb y \u00abAlvin y las Ardillas 3\u00bb<\/p>\n<p align=\"center\"><strong>ALVIN Y LAS ARDILLAS 3<\/strong><\/p>\n<p align=\"center\">De vacaciones en un crucero de lujo, Alvin, Sim\u00f3n, Teodoro y las Arditas hacen lo de costumbre, convirtiendo el barco en su patio de recreo personal, hasta que se quedan varados en una isla tropical.<\/p>\n<p align=\"center\">GENERO: Animaci\u00f3n, Infantil. &#8211; DURACION: 87 Minutos &#8211; Apta para\u00a0 todo p\u00fablico<\/p>\n<p align=\"center\"><strong>S\u00c1BADO\u00a0 05\/05\u00a0\u00a0\u00a0 17:00\u00a0 HS.<\/strong><\/p>\n<p align=\"center\"><strong> DOMINGO 06\/05\u00a0\u00a0\u00a0 17:00\u00a0 &#8211;\u00a0 18:30\u00a0 HS.<\/strong><\/p>\n<p align=\"center\"><strong>LA BOLETER\u00cdA ABRIR\u00c1 UNA HORA ANTES DE CADA FUNCI\u00d3N<\/strong><\/p>\n<p align=\"center\"><strong><span style=\"text-decoration: underline;\">ENTRADA GENERAL\u00a0 $ 12.-<\/span><\/strong><\/p>\n<p align=\"center\"><strong>EL ARTISTA<\/strong><\/p>\n<p align=\"center\">Hollywood 1927. George Valentin es una estrella del cine mudo famos\u00edsima. La llegada del cine sonoro marcar\u00e1 el fin de su carrera y lo llevar\u00e1 al olvido. Al mismo tiempo, Peppy Miller, una joven extra se transforma en la figura cinematogr\u00e1fica del momento y su carrera parece no tener techo. El artista cuenta como se entrelazan sus destinos.<\/p>\n<p align=\"center\">ACTORES: <a href=\"http:\/\/www.cinesargentinos.com.ar\/persona\/28825-jean-dujardin\">Jean Dujardin<\/a>, <a href=\"http:\/\/www.cinesargentinos.com.ar\/persona\/28826-berenice-bejo\">B\u00e9r\u00e9nice Bejo<\/a>.<\/p>\n<p align=\"center\">ACTORES SECUNDARIOS: <a href=\"http:\/\/www.cinesargentinos.com.ar\/persona\/21170-john-goodman\">John Goodman<\/a>, <a href=\"http:\/\/www.cinesargentinos.com.ar\/persona\/22182-james-cromwell\">James Cromwell<\/a>.<\/p>\n<p align=\"center\">DIRECTOR: <a href=\"http:\/\/www.cinesargentinos.com.ar\/persona\/28824-michel-hazanavicius\">Michel Hazanavicius<\/a>.<\/p>\n<p align=\"center\">GENERO: Comedia, Drama, Romance &#8211; DURACION: 100 Minutos -Apta\u00a0 mayores de 13 a\u00f1os<\/p>\n<p align=\"center\"><strong>S\u00c1BADO\u00a0 05\/05\u00a0\u00a0 22:00\u00a0 $ 15.-<\/strong><\/p>\n<p align=\"center\"><strong> DOMINGO 06\/05\u00a0 21:30\u00a0\u00a0 $\u00a0 15.-<\/strong><\/p>\n<p><strong> LUNES 07\/05\u00a0 21:30\u00a0 $\u00a0 12.-<\/strong><\/p>\n<p align=\"center\"><strong>LA BOLETER\u00cdA<\/strong><strong> ABRIR\u00c1<\/strong><strong> UNA HORA ANTES DE CADA FUNCI\u00d3N<\/strong><\/p>\n<p>\u00a0Los esperamos en el cine. Muchas gracias.<\/p>\n","protected":false},"excerpt":{"rendered":"<p>La Coordinadora de la Sala de \u201cCine Olga Zubarry\u201d de la\u00a0 Municipalidad de San Jorge, informa el [&hellip;]<\/p>\n","protected":false},"author":3,"featured_media":0,"comment_status":"open","ping_status":"open","sticky":false,"template":"","format":"standard","meta":{"_jetpack_memberships_contains_paid_content":false,"footnotes":"","jetpack_publicize_message":"","jetpack_publicize_feature_enabled":true,"jetpack_social_post_already_shared":false,"jetpack_social_options":{"image_generator_settings":{"template":"highway","enabled":false}}},"categories":[4,16],"tags":[],"jetpack_publicize_connections":[],"jetpack_sharing_enabled":true,"jetpack_featured_media_url":"","_links":{"self":[{"href":"http:\/\/enteculturalsantafesino.com.ar\/usina1\/wp-json\/wp\/v2\/posts\/2996"}],"collection":[{"href":"http:\/\/enteculturalsantafesino.com.ar\/usina1\/wp-json\/wp\/v2\/posts"}],"about":[{"href":"http:\/\/enteculturalsantafesino.com.ar\/usina1\/wp-json\/wp\/v2\/types\/post"}],"author":[{"embeddable":true,"href":"http:\/\/enteculturalsantafesino.com.ar\/usina1\/wp-json\/wp\/v2\/users\/3"}],"replies":[{"embeddable":true,"href":"http:\/\/enteculturalsantafesino.com.ar\/usina1\/wp-json\/wp\/v2\/comments?post=2996"}],"version-history":[{"count":0,"href":"http:\/\/enteculturalsantafesino.com.ar\/usina1\/wp-json\/wp\/v2\/posts\/2996\/revisions"}],"wp:attachment":[{"href":"http:\/\/enteculturalsantafesino.com.ar\/usina1\/wp-json\/wp\/v2\/media?parent=2996"}],"wp:term":[{"taxonomy":"category","embeddable":true,"href":"http:\/\/enteculturalsantafesino.com.ar\/usina1\/wp-json\/wp\/v2\/categories?post=2996"},{"taxonomy":"post_tag","embeddable":true,"href":"http:\/\/enteculturalsantafesino.com.ar\/usina1\/wp-json\/wp\/v2\/tags?post=2996"}],"curies":[{"name":"wp","href":"https:\/\/api.w.org\/{rel}","templated":true}]}}