{"id":3000,"date":"2012-05-02T11:12:03","date_gmt":"2012-05-02T11:12:03","guid":{"rendered":"http:\/\/entecultura.com.ar\/noticias\/?p=3000"},"modified":"2012-05-02T11:12:03","modified_gmt":"2012-05-02T11:12:03","slug":"el-festival-del-acordeon-se-hara-el-sabado-7-de-julio","status":"publish","type":"post","link":"http:\/\/enteculturalsantafesino.com.ar\/usina1\/2012\/05\/el-festival-del-acordeon-se-hara-el-sabado-7-de-julio\/","title":{"rendered":"EL FESTIVAL DEL ACORDE\u00d3N SE HAR\u00c1 EL S\u00c1BADO 7 DE JULIO"},"content":{"rendered":"<p>Ser\u00e1 la 11\u00aa edici\u00f3n del concurso nacional y sudamericano, la 9\u00aa competitiva.<a href=\"http:\/\/enteculturalsantafesino.com.ar\/noticias\/wp-content\/uploads\/2012\/05\/FestivalAcordeon-2012.jpg\" rel=\"lightbox[3000]\"><img loading=\"lazy\" decoding=\"async\" class=\"alignright size-medium wp-image-3001\" title=\"FestivalAcordeon 2012\" src=\"http:\/\/enteculturalsantafesino.com.ar\/noticias\/wp-content\/uploads\/2012\/05\/FestivalAcordeon-2012-300x175.jpg\" alt=\"\" width=\"300\" height=\"175\" srcset=\"http:\/\/enteculturalsantafesino.com.ar\/usina1\/wp-content\/uploads\/2012\/05\/FestivalAcordeon-2012-300x175.jpg 300w, http:\/\/enteculturalsantafesino.com.ar\/usina1\/wp-content\/uploads\/2012\/05\/FestivalAcordeon-2012.jpg 550w\" sizes=\"(max-width: 300px) 100vw, 300px\" \/><\/a><\/p>\n<p>El tradicional Festival del Acorde\u00f3n de San Jorge tiene confirmada su fecha de realizaci\u00f3n. La Asociaci\u00f3n Marchigiana y la Municipalidad de San Jorge, organizadores del evento, informaron que el s\u00e1bado 7 de julio se llevar\u00e1 a cabo la 11\u00aa edici\u00f3n, 9\u00aa competitiva, del evento nacional y sudamericano.<\/p>\n<p>Como es habitual, el ganador del concurso obtendr\u00e1 un pasaje a Italia para competir en el 37\u00ba concurso internacional denominado \u201cCitta di Castelfidardo\u201d, que en esta oportunidad tendr\u00e1 lugar del 20 al 23 de septiembre del presente a\u00f1o en esa ciudad de la provincia de Ancona.<\/p>\n<p>Seg\u00fan precisaron en un comunicado de prensa, los acordeonistas interesados en participar deben tener 18 a\u00f1os cumplidos y se pueden contactar con los Tel: (03406) 440332 \/ 15456 912; v\u00eda e-mail a: <a href=\"mailto:bertotto.a@gmail.com\"><span style=\"color: #0000ff;\">bertotto.a@gmail.com<\/span><\/a>; direcci\u00f3n postal Avenida Pellegrini 1.699, CP: 2452. San Jorge, Santa Fe, Argentina. El plazo de inscripci\u00f3n vence el 30 de junio pr\u00f3ximo.<\/p>\n<p>Cabe destacar que el instrumento a utilizar ser\u00e1 libre, de cualquier tipo y marca, siempre en el rubro acorde\u00f3n, a piano o a botones, no permiti\u00e9ndose el uso de un instrumento amplificado.<\/p>\n<p>Adem\u00e1s, los organizadores indicaron que \u201cla realizaci\u00f3n del evento es posible gracias al invalorable accionar de la Asociaci\u00f3n Marchigiana, la Municipalidad de San Jorge, la Secretaria de Cultura y Turismo de la provincia de Santa Fe, la Subsecretar\u00eda de Planificaci\u00f3n y Estrategia Innovaci\u00f3n y Cultura Provincial y la Senadora por el departamento San Mart\u00edn, Cristina Berra. <em><strong>Fuente: San Jorge Noticias<\/strong><\/em><\/p>\n","protected":false},"excerpt":{"rendered":"<p>Ser\u00e1 la 11\u00aa edici\u00f3n del concurso nacional y sudamericano, la 9\u00aa competitiva. El tradicional Festival del Acorde\u00f3n [&hellip;]<\/p>\n","protected":false},"author":3,"featured_media":0,"comment_status":"open","ping_status":"open","sticky":false,"template":"","format":"standard","meta":{"_jetpack_memberships_contains_paid_content":false,"footnotes":"","jetpack_publicize_message":"","jetpack_publicize_feature_enabled":true,"jetpack_social_post_already_shared":false,"jetpack_social_options":{"image_generator_settings":{"template":"highway","enabled":false}}},"categories":[4,6,16],"tags":[],"jetpack_publicize_connections":[],"jetpack_sharing_enabled":true,"jetpack_featured_media_url":"","_links":{"self":[{"href":"http:\/\/enteculturalsantafesino.com.ar\/usina1\/wp-json\/wp\/v2\/posts\/3000"}],"collection":[{"href":"http:\/\/enteculturalsantafesino.com.ar\/usina1\/wp-json\/wp\/v2\/posts"}],"about":[{"href":"http:\/\/enteculturalsantafesino.com.ar\/usina1\/wp-json\/wp\/v2\/types\/post"}],"author":[{"embeddable":true,"href":"http:\/\/enteculturalsantafesino.com.ar\/usina1\/wp-json\/wp\/v2\/users\/3"}],"replies":[{"embeddable":true,"href":"http:\/\/enteculturalsantafesino.com.ar\/usina1\/wp-json\/wp\/v2\/comments?post=3000"}],"version-history":[{"count":0,"href":"http:\/\/enteculturalsantafesino.com.ar\/usina1\/wp-json\/wp\/v2\/posts\/3000\/revisions"}],"wp:attachment":[{"href":"http:\/\/enteculturalsantafesino.com.ar\/usina1\/wp-json\/wp\/v2\/media?parent=3000"}],"wp:term":[{"taxonomy":"category","embeddable":true,"href":"http:\/\/enteculturalsantafesino.com.ar\/usina1\/wp-json\/wp\/v2\/categories?post=3000"},{"taxonomy":"post_tag","embeddable":true,"href":"http:\/\/enteculturalsantafesino.com.ar\/usina1\/wp-json\/wp\/v2\/tags?post=3000"}],"curies":[{"name":"wp","href":"https:\/\/api.w.org\/{rel}","templated":true}]}}