{"id":3004,"date":"2012-05-02T13:03:53","date_gmt":"2012-05-02T13:03:53","guid":{"rendered":"http:\/\/entecultura.com.ar\/noticias\/?p=3004"},"modified":"2012-05-02T13:03:53","modified_gmt":"2012-05-02T13:03:53","slug":"se-realizo-el-acto-por-el-resero","status":"publish","type":"post","link":"http:\/\/enteculturalsantafesino.com.ar\/usina1\/2012\/05\/se-realizo-el-acto-por-el-resero\/","title":{"rendered":"SE REALIZ\u00d3 EL ACTO POR EL RESERO"},"content":{"rendered":"<div>\n<p><a href=\"http:\/\/enteculturalsantafesino.com.ar\/noticias\/wp-content\/uploads\/2012\/05\/resero-11.jpg\" rel=\"lightbox[3004]\"><img loading=\"lazy\" decoding=\"async\" class=\"alignright  wp-image-3005\" title=\"resero 11\" src=\"http:\/\/enteculturalsantafesino.com.ar\/noticias\/wp-content\/uploads\/2012\/05\/resero-11-300x201.jpg\" alt=\"\" width=\"300\" height=\"201\" srcset=\"http:\/\/enteculturalsantafesino.com.ar\/usina1\/wp-content\/uploads\/2012\/05\/resero-11-300x201.jpg 300w, http:\/\/enteculturalsantafesino.com.ar\/usina1\/wp-content\/uploads\/2012\/05\/resero-11.jpg 600w\" sizes=\"(max-width: 300px) 100vw, 300px\" \/><\/a>En la fr\u00eda ma\u00f1ana del 1\u00ba de mayo, se llev\u00f3 a cabo el Acto por el D\u00eda\u00a0del Resero. Fue en el monumento al resero, en Boulevard Per\u00f3n. Desde las 11 de la ma\u00f1ana, las instituciones escolares y pe\u00f1as folkl\u00f3ricas se sumaron a la ceremonia. \u201cEsta vez no tenemos fiesta del Resero porque estamos en pleno traslado del predio, que era prestado y lo tuvimos que devolver, pero pronto volveremos a estar de pie y volveremos a reflotar la fiesta tan tradicional para todos nosotros\u201d, se\u00f1al\u00f3 en el acto Nelson Musachi, tradicional organizador del evento.<\/p>\n<\/div>\n<div><\/div>\n<p><!--Si cargamos una noticia, aca parseamos sus galerias de imagenes--><!--Si cargamos una noticia, aca parseamos sus galerias de imagenes--><!--Si cargamos una noticia, aca parseamos sus links relacionados-->&nbsp;<\/p>\n","protected":false},"excerpt":{"rendered":"<p>En la fr\u00eda ma\u00f1ana del 1\u00ba de mayo, se llev\u00f3 a cabo el Acto por el D\u00eda\u00a0del [&hellip;]<\/p>\n","protected":false},"author":3,"featured_media":0,"comment_status":"open","ping_status":"open","sticky":false,"template":"","format":"standard","meta":{"_jetpack_memberships_contains_paid_content":false,"footnotes":"","jetpack_publicize_message":"","jetpack_publicize_feature_enabled":true,"jetpack_social_post_already_shared":false,"jetpack_social_options":{"image_generator_settings":{"template":"highway","enabled":false}}},"categories":[18,4],"tags":[],"jetpack_publicize_connections":[],"jetpack_sharing_enabled":true,"jetpack_featured_media_url":"","_links":{"self":[{"href":"http:\/\/enteculturalsantafesino.com.ar\/usina1\/wp-json\/wp\/v2\/posts\/3004"}],"collection":[{"href":"http:\/\/enteculturalsantafesino.com.ar\/usina1\/wp-json\/wp\/v2\/posts"}],"about":[{"href":"http:\/\/enteculturalsantafesino.com.ar\/usina1\/wp-json\/wp\/v2\/types\/post"}],"author":[{"embeddable":true,"href":"http:\/\/enteculturalsantafesino.com.ar\/usina1\/wp-json\/wp\/v2\/users\/3"}],"replies":[{"embeddable":true,"href":"http:\/\/enteculturalsantafesino.com.ar\/usina1\/wp-json\/wp\/v2\/comments?post=3004"}],"version-history":[{"count":0,"href":"http:\/\/enteculturalsantafesino.com.ar\/usina1\/wp-json\/wp\/v2\/posts\/3004\/revisions"}],"wp:attachment":[{"href":"http:\/\/enteculturalsantafesino.com.ar\/usina1\/wp-json\/wp\/v2\/media?parent=3004"}],"wp:term":[{"taxonomy":"category","embeddable":true,"href":"http:\/\/enteculturalsantafesino.com.ar\/usina1\/wp-json\/wp\/v2\/categories?post=3004"},{"taxonomy":"post_tag","embeddable":true,"href":"http:\/\/enteculturalsantafesino.com.ar\/usina1\/wp-json\/wp\/v2\/tags?post=3004"}],"curies":[{"name":"wp","href":"https:\/\/api.w.org\/{rel}","templated":true}]}}